{"id":12407,"date":"2014-04-02T13:57:15","date_gmt":"2014-04-02T11:57:15","guid":{"rendered":"https:\/\/nowymodel.org\/?p=12407"},"modified":"2022-04-19T14:00:53","modified_gmt":"2022-04-19T12:00:53","slug":"nowymodel-org-na-targach-rzeczy-ladnych-w-warszawie","status":"publish","type":"post","link":"https:\/\/nowymodel.org\/en\/2014\/04\/02\/nowymodel-org-na-targach-rzeczy-ladnych-w-warszawie\/","title":{"rendered":"nowymodel.org na Targach Rzeczy \u0141adnych w Warszawie"},"content":{"rendered":"<p>Zapraszamy do Domu Towarowego Braci Jab\u0142kowskich (ul. Bracka 25) na Targi Rzeczy \u0141adnych (5-6.04). B\u0119dziemy Tam mieli swoje stoisko.<\/p>\n<p>Jak zawsze przygotowali\u015bmy te\u017c program specjalny. A w nim:<\/p>\n<ul class=\"list_inside\">\n<li>wystawa &#8222;Design z naszego podw\u00f3rka&#8221;<\/li>\n<li>wystawa kolekcji Studia Modus Design Marka Cecu\u0142y<\/li>\n<li>&#8222;Porcelanowy Bazar&#8221; fabryki w \u0106mielowie<\/li>\n<li>meble i lampy projektant\u00f3w wsp\u00f3\u0142pracuj\u0105cych z fundacj\u0105 nowymodel.org<\/li>\n<li>warsztaty &#8222;Pranie designu: nowy model rzeczy \u0142adnej&#8221;<\/li>\n<li>ca\u0142odniowe warsztaty rodzinne &#8222;Zosta\u0144 od\u015bwi\u0119tnym designerem&#8221;<\/li>\n<\/ul>\n<p>Wi\u0119cej na:\u00a0<a class=\"red_link\" href=\"https:\/\/www.facebook.com\/media\/set\/?set=a.739674659410971.1073741866.639345206110584&amp;type=1\" target=\"_blank\" rel=\"noopener\">https:\/\/www.facebook.com\/media\/set\/?set=a.739674659410971.1073741866.639345206110584<\/a><\/p>\n<p>\u00a0<\/p>\n\n\n<div class=\"wp-block-jetpack-tiled-gallery aligncenter is-style-rectangular\"><div class=\"tiled-gallery__gallery\"><div class=\"tiled-gallery__row\"><div class=\"tiled-gallery__col\" style=\"flex-basis:100.00000%\"><figure class=\"tiled-gallery__item\"><img decoding=\"async\" srcset=\"https:\/\/i2.wp.com\/nowymodel.org\/wp-content\/uploads\/2022\/04\/AVOCADO_1_T.A.Rudkiewicz_nowymodel.org_-1024x347.jpg?strip=info&#038;w=600&#038;ssl=1 600w,https:\/\/i2.wp.com\/nowymodel.org\/wp-content\/uploads\/2022\/04\/AVOCADO_1_T.A.Rudkiewicz_nowymodel.org_-1024x347.jpg?strip=info&#038;w=900&#038;ssl=1 900w,https:\/\/i2.wp.com\/nowymodel.org\/wp-content\/uploads\/2022\/04\/AVOCADO_1_T.A.Rudkiewicz_nowymodel.org_-1024x347.jpg?strip=info&#038;w=1200&#038;ssl=1 1200w,https:\/\/i2.wp.com\/nowymodel.org\/wp-content\/uploads\/2022\/04\/AVOCADO_1_T.A.Rudkiewicz_nowymodel.org_-1024x347.jpg?strip=info&#038;w=1400&#038;ssl=1 1400w\" alt=\"\" data-height=\"474\" data-id=\"12410\" data-link=\"https:\/\/nowymodel.org\/?attachment_id=12410\" data-url=\"https:\/\/nowymodel.org\/wp-content\/uploads\/2022\/04\/AVOCADO_1_T.A.Rudkiewicz_nowymodel.org_-1024x347.jpg\" data-width=\"1400\" src=\"https:\/\/i2.wp.com\/nowymodel.org\/wp-content\/uploads\/2022\/04\/AVOCADO_1_T.A.Rudkiewicz_nowymodel.org_-1024x347.jpg?ssl=1\" data-amp-layout=\"responsive\"\/><\/figure><\/div><\/div><div class=\"tiled-gallery__row\"><div class=\"tiled-gallery__col\" style=\"flex-basis:100.00000%\"><figure class=\"tiled-gallery__item\"><img decoding=\"async\" srcset=\"https:\/\/i2.wp.com\/nowymodel.org\/wp-content\/uploads\/2022\/04\/PULT_3_K.Laskowska_nowymodel.org_-1024x410.jpg?strip=info&#038;w=600&#038;ssl=1 600w,https:\/\/i2.wp.com\/nowymodel.org\/wp-content\/uploads\/2022\/04\/PULT_3_K.Laskowska_nowymodel.org_-1024x410.jpg?strip=info&#038;w=900&#038;ssl=1 900w,https:\/\/i2.wp.com\/nowymodel.org\/wp-content\/uploads\/2022\/04\/PULT_3_K.Laskowska_nowymodel.org_-1024x410.jpg?strip=info&#038;w=1200&#038;ssl=1 1200w,https:\/\/i2.wp.com\/nowymodel.org\/wp-content\/uploads\/2022\/04\/PULT_3_K.Laskowska_nowymodel.org_-1024x410.jpg?strip=info&#038;w=1416&#038;ssl=1 1416w\" alt=\"\" data-height=\"567\" data-id=\"12416\" data-link=\"https:\/\/nowymodel.org\/?attachment_id=12416\" data-url=\"https:\/\/nowymodel.org\/wp-content\/uploads\/2022\/04\/PULT_3_K.Laskowska_nowymodel.org_-1024x410.jpg\" data-width=\"1416\" src=\"https:\/\/i2.wp.com\/nowymodel.org\/wp-content\/uploads\/2022\/04\/PULT_3_K.Laskowska_nowymodel.org_-1024x410.jpg?ssl=1\" data-amp-layout=\"responsive\"\/><\/figure><\/div><\/div><div class=\"tiled-gallery__row\"><div class=\"tiled-gallery__col\" style=\"flex-basis:66.78453%\"><figure class=\"tiled-gallery__item\"><img decoding=\"async\" srcset=\"https:\/\/i0.wp.com\/nowymodel.org\/wp-content\/uploads\/2022\/04\/par_1.jpg?strip=info&#038;w=600&#038;ssl=1 600w,https:\/\/i0.wp.com\/nowymodel.org\/wp-content\/uploads\/2022\/04\/par_1.jpg?strip=info&#038;w=900&#038;ssl=1 900w,https:\/\/i0.wp.com\/nowymodel.org\/wp-content\/uploads\/2022\/04\/par_1.jpg?strip=info&#038;w=960&#038;ssl=1 960w\" alt=\"\" data-height=\"639\" data-id=\"12412\" data-link=\"https:\/\/nowymodel.org\/?attachment_id=12412\" data-url=\"https:\/\/nowymodel.org\/wp-content\/uploads\/2022\/04\/par_1.jpg\" data-width=\"960\" src=\"https:\/\/i0.wp.com\/nowymodel.org\/wp-content\/uploads\/2022\/04\/par_1.jpg?ssl=1\" data-amp-layout=\"responsive\"\/><\/figure><\/div><div class=\"tiled-gallery__col\" style=\"flex-basis:33.21547%\"><figure class=\"tiled-gallery__item\"><img decoding=\"async\" srcset=\"https:\/\/i2.wp.com\/nowymodel.org\/wp-content\/uploads\/2022\/04\/par_3.jpg?strip=info&#038;w=600&#038;ssl=1 600w,https:\/\/i2.wp.com\/nowymodel.org\/wp-content\/uploads\/2022\/04\/par_3.jpg?strip=info&#038;w=720&#038;ssl=1 720w\" alt=\"\" data-height=\"479\" data-id=\"12413\" data-link=\"https:\/\/nowymodel.org\/?attachment_id=12413\" data-url=\"https:\/\/nowymodel.org\/wp-content\/uploads\/2022\/04\/par_3.jpg\" data-width=\"720\" src=\"https:\/\/i2.wp.com\/nowymodel.org\/wp-content\/uploads\/2022\/04\/par_3.jpg?ssl=1\" data-amp-layout=\"responsive\"\/><\/figure><figure class=\"tiled-gallery__item\"><img decoding=\"async\" srcset=\"https:\/\/i2.wp.com\/nowymodel.org\/wp-content\/uploads\/2022\/04\/par2.jpg?strip=info&#038;w=600&#038;ssl=1 600w,https:\/\/i2.wp.com\/nowymodel.org\/wp-content\/uploads\/2022\/04\/par2.jpg?strip=info&#038;w=720&#038;ssl=1 720w\" alt=\"\" data-height=\"479\" data-id=\"12414\" data-link=\"https:\/\/nowymodel.org\/?attachment_id=12414\" data-url=\"https:\/\/nowymodel.org\/wp-content\/uploads\/2022\/04\/par2.jpg\" data-width=\"720\" src=\"https:\/\/i2.wp.com\/nowymodel.org\/wp-content\/uploads\/2022\/04\/par2.jpg?ssl=1\" data-amp-layout=\"responsive\"\/><\/figure><\/div><\/div><div class=\"tiled-gallery__row\"><div class=\"tiled-gallery__col\" style=\"flex-basis:72.94180%\"><figure class=\"tiled-gallery__item\"><img decoding=\"async\" srcset=\"https:\/\/i2.wp.com\/nowymodel.org\/wp-content\/uploads\/2022\/04\/NYKRAM_Studio_Tkaniny_nowymodel.org_.jpg?strip=info&#038;w=600&#038;ssl=1 600w,https:\/\/i2.wp.com\/nowymodel.org\/wp-content\/uploads\/2022\/04\/NYKRAM_Studio_Tkaniny_nowymodel.org_.jpg?strip=info&#038;w=900&#038;ssl=1 900w,https:\/\/i2.wp.com\/nowymodel.org\/wp-content\/uploads\/2022\/04\/NYKRAM_Studio_Tkaniny_nowymodel.org_.jpg?strip=info&#038;w=1022&#038;ssl=1 1022w\" alt=\"\" data-height=\"567\" data-id=\"12411\" data-link=\"https:\/\/nowymodel.org\/?attachment_id=12411\" data-url=\"https:\/\/nowymodel.org\/wp-content\/uploads\/2022\/04\/NYKRAM_Studio_Tkaniny_nowymodel.org_.jpg\" data-width=\"1022\" src=\"https:\/\/i2.wp.com\/nowymodel.org\/wp-content\/uploads\/2022\/04\/NYKRAM_Studio_Tkaniny_nowymodel.org_.jpg?ssl=1\" data-amp-layout=\"responsive\"\/><\/figure><\/div><div class=\"tiled-gallery__col\" style=\"flex-basis:27.05820%\"><figure class=\"tiled-gallery__item\"><img decoding=\"async\" srcset=\"https:\/\/i0.wp.com\/nowymodel.org\/wp-content\/uploads\/2022\/04\/PARABOLICA_1_R.jpg?strip=info&#038;w=433&#038;ssl=1 433w\" alt=\"\" data-height=\"650\" data-id=\"12415\" data-link=\"https:\/\/nowymodel.org\/?attachment_id=12415\" data-url=\"https:\/\/nowymodel.org\/wp-content\/uploads\/2022\/04\/PARABOLICA_1_R.jpg\" data-width=\"433\" src=\"https:\/\/i0.wp.com\/nowymodel.org\/wp-content\/uploads\/2022\/04\/PARABOLICA_1_R.jpg?ssl=1\" data-amp-layout=\"responsive\"\/><\/figure><\/div><\/div><\/div><\/div>","protected":false},"excerpt":{"rendered":"<p>Zapraszamy do Domu Towarowego Braci Jab\u0142kowskich (ul. Bracka 25) na Targi Rzeczy \u0141adnych (5-6.04). B\u0119dziemy Tam mieli swoje stoisko. Jak zawsze przygotowali\u015bmy te\u017c program specjalny. A w nim: wystawa &#8222;Design z naszego podw\u00f3rka&#8221; wystawa kolekcji Studia Modus Design Marka Cecu\u0142y &#8222;Porcelanowy Bazar&#8221; fabryki w \u0106mielowie meble i lampy projektant\u00f3w wsp\u00f3\u0142pracuj\u0105cych z fundacj\u0105 nowymodel.org warsztaty &#8222;Pranie [&hellip;]<\/p>\n","protected":false},"author":2,"featured_media":0,"comment_status":"closed","ping_status":"closed","sticky":false,"template":"","format":"standard","meta":{"footnotes":""},"categories":[39],"tags":[40,71,87,42,61],"class_list":["post-12407","post","type-post","status-publish","format-standard","hentry","category-aktualnosci","tag-design","tag-locosystem","tag-organicsystem","tag-polski-design","tag-polski-dizajn"],"yoast_head":"<!-- This site is optimized with the Yoast SEO plugin v22.4 - https:\/\/yoast.com\/wordpress\/plugins\/seo\/ -->\n<title>nowymodel.org na Targach Rzeczy \u0141adnych w Warszawie - nowymodel.org<\/title>\n<meta name=\"robots\" content=\"index, follow, max-snippet:-1, max-image-preview:large, max-video-preview:-1\" \/>\n<link rel=\"canonical\" href=\"https:\/\/nowymodel.org\/en\/2014\/04\/02\/nowymodel-org-na-targach-rzeczy-ladnych-w-warszawie\/\" \/>\n<meta property=\"og:locale\" content=\"en_GB\" \/>\n<meta property=\"og:type\" content=\"article\" \/>\n<meta property=\"og:title\" content=\"nowymodel.org na Targach Rzeczy \u0141adnych w Warszawie - nowymodel.org\" \/>\n<meta property=\"og:description\" content=\"Zapraszamy do Domu Towarowego Braci Jab\u0142kowskich (ul. Bracka 25) na Targi Rzeczy \u0141adnych (5-6.04). B\u0119dziemy Tam mieli swoje stoisko. Jak zawsze przygotowali\u015bmy te\u017c program specjalny. A w nim: wystawa &#8222;Design z naszego podw\u00f3rka&#8221; wystawa kolekcji Studia Modus Design Marka Cecu\u0142y &#8222;Porcelanowy Bazar&#8221; fabryki w \u0106mielowie meble i lampy projektant\u00f3w wsp\u00f3\u0142pracuj\u0105cych z fundacj\u0105 nowymodel.org warsztaty &#8222;Pranie [&hellip;]\" \/>\n<meta property=\"og:url\" content=\"https:\/\/nowymodel.org\/en\/2014\/04\/02\/nowymodel-org-na-targach-rzeczy-ladnych-w-warszawie\/\" \/>\n<meta property=\"og:site_name\" content=\"nowymodel.org\" \/>\n<meta property=\"article:published_time\" content=\"2014-04-02T11:57:15+00:00\" \/>\n<meta property=\"article:modified_time\" content=\"2022-04-19T12:00:53+00:00\" \/>\n<meta property=\"og:image\" content=\"https:\/\/i2.wp.com\/nowymodel.org\/wp-content\/uploads\/2022\/04\/AVOCADO_1_T.A.Rudkiewicz_nowymodel.org_-1024x347.jpg?ssl=1\" \/>\n<meta name=\"author\" content=\"emka\" \/>\n<meta name=\"twitter:card\" content=\"summary_large_image\" \/>\n<meta name=\"twitter:label1\" content=\"Written by\" \/>\n\t<meta name=\"twitter:data1\" content=\"emka\" \/>\n<script type=\"application\/ld+json\" class=\"yoast-schema-graph\">{\"@context\":\"https:\/\/schema.org\",\"@graph\":[{\"@type\":\"WebPage\",\"@id\":\"https:\/\/nowymodel.org\/2014\/04\/02\/nowymodel-org-na-targach-rzeczy-ladnych-w-warszawie\/\",\"url\":\"https:\/\/nowymodel.org\/2014\/04\/02\/nowymodel-org-na-targach-rzeczy-ladnych-w-warszawie\/\",\"name\":\"nowymodel.org na Targach Rzeczy \u0141adnych w Warszawie - nowymodel.org\",\"isPartOf\":{\"@id\":\"https:\/\/nowymodel.org\/#website\"},\"primaryImageOfPage\":{\"@id\":\"https:\/\/nowymodel.org\/2014\/04\/02\/nowymodel-org-na-targach-rzeczy-ladnych-w-warszawie\/#primaryimage\"},\"image\":{\"@id\":\"https:\/\/nowymodel.org\/2014\/04\/02\/nowymodel-org-na-targach-rzeczy-ladnych-w-warszawie\/#primaryimage\"},\"thumbnailUrl\":\"https:\/\/i2.wp.com\/nowymodel.org\/wp-content\/uploads\/2022\/04\/AVOCADO_1_T.A.Rudkiewicz_nowymodel.org_-1024x347.jpg?ssl=1\",\"datePublished\":\"2014-04-02T11:57:15+00:00\",\"dateModified\":\"2022-04-19T12:00:53+00:00\",\"author\":{\"@id\":\"https:\/\/nowymodel.org\/#\/schema\/person\/b58376a44a71b7ab64c9f5d83e7b037d\"},\"inLanguage\":\"en-GB\",\"potentialAction\":[{\"@type\":\"ReadAction\",\"target\":[\"https:\/\/nowymodel.org\/2014\/04\/02\/nowymodel-org-na-targach-rzeczy-ladnych-w-warszawie\/\"]}]},{\"@type\":\"ImageObject\",\"inLanguage\":\"en-GB\",\"@id\":\"https:\/\/nowymodel.org\/2014\/04\/02\/nowymodel-org-na-targach-rzeczy-ladnych-w-warszawie\/#primaryimage\",\"url\":\"https:\/\/i2.wp.com\/nowymodel.org\/wp-content\/uploads\/2022\/04\/AVOCADO_1_T.A.Rudkiewicz_nowymodel.org_-1024x347.jpg?ssl=1\",\"contentUrl\":\"https:\/\/i2.wp.com\/nowymodel.org\/wp-content\/uploads\/2022\/04\/AVOCADO_1_T.A.Rudkiewicz_nowymodel.org_-1024x347.jpg?ssl=1\"},{\"@type\":\"WebSite\",\"@id\":\"https:\/\/nowymodel.org\/#website\",\"url\":\"https:\/\/nowymodel.org\/\",\"name\":\"nowymodel.org\",\"description\":\"\",\"potentialAction\":[{\"@type\":\"SearchAction\",\"target\":{\"@type\":\"EntryPoint\",\"urlTemplate\":\"https:\/\/nowymodel.org\/?s={search_term_string}\"},\"query-input\":\"required name=search_term_string\"}],\"inLanguage\":\"en-GB\"},{\"@type\":\"Person\",\"@id\":\"https:\/\/nowymodel.org\/#\/schema\/person\/b58376a44a71b7ab64c9f5d83e7b037d\",\"name\":\"emka\",\"image\":{\"@type\":\"ImageObject\",\"inLanguage\":\"en-GB\",\"@id\":\"https:\/\/nowymodel.org\/#\/schema\/person\/image\/\",\"url\":\"https:\/\/secure.gravatar.com\/avatar\/29564b7924fbb4fa3582526c5acd2dc5e7d5ad266d15e4e702fc81e6b994f35f?s=96&d=mm&r=g\",\"contentUrl\":\"https:\/\/secure.gravatar.com\/avatar\/29564b7924fbb4fa3582526c5acd2dc5e7d5ad266d15e4e702fc81e6b994f35f?s=96&d=mm&r=g\",\"caption\":\"emka\"},\"url\":\"https:\/\/nowymodel.org\/en\/author\/emka\/\"}]}<\/script>\n<!-- \/ Yoast SEO plugin. -->","yoast_head_json":{"title":"nowymodel.org na Targach Rzeczy \u0141adnych w Warszawie - nowymodel.org","robots":{"index":"index","follow":"follow","max-snippet":"max-snippet:-1","max-image-preview":"max-image-preview:large","max-video-preview":"max-video-preview:-1"},"canonical":"https:\/\/nowymodel.org\/en\/2014\/04\/02\/nowymodel-org-na-targach-rzeczy-ladnych-w-warszawie\/","og_locale":"en_GB","og_type":"article","og_title":"nowymodel.org na Targach Rzeczy \u0141adnych w Warszawie - nowymodel.org","og_description":"Zapraszamy do Domu Towarowego Braci Jab\u0142kowskich (ul. Bracka 25) na Targi Rzeczy \u0141adnych (5-6.04). B\u0119dziemy Tam mieli swoje stoisko. Jak zawsze przygotowali\u015bmy te\u017c program specjalny. A w nim: wystawa &#8222;Design z naszego podw\u00f3rka&#8221; wystawa kolekcji Studia Modus Design Marka Cecu\u0142y &#8222;Porcelanowy Bazar&#8221; fabryki w \u0106mielowie meble i lampy projektant\u00f3w wsp\u00f3\u0142pracuj\u0105cych z fundacj\u0105 nowymodel.org warsztaty &#8222;Pranie [&hellip;]","og_url":"https:\/\/nowymodel.org\/en\/2014\/04\/02\/nowymodel-org-na-targach-rzeczy-ladnych-w-warszawie\/","og_site_name":"nowymodel.org","article_published_time":"2014-04-02T11:57:15+00:00","article_modified_time":"2022-04-19T12:00:53+00:00","og_image":[{"url":"https:\/\/i2.wp.com\/nowymodel.org\/wp-content\/uploads\/2022\/04\/AVOCADO_1_T.A.Rudkiewicz_nowymodel.org_-1024x347.jpg?ssl=1"}],"author":"emka","twitter_card":"summary_large_image","twitter_misc":{"Written by":"emka"},"schema":{"@context":"https:\/\/schema.org","@graph":[{"@type":"WebPage","@id":"https:\/\/nowymodel.org\/2014\/04\/02\/nowymodel-org-na-targach-rzeczy-ladnych-w-warszawie\/","url":"https:\/\/nowymodel.org\/2014\/04\/02\/nowymodel-org-na-targach-rzeczy-ladnych-w-warszawie\/","name":"nowymodel.org na Targach Rzeczy \u0141adnych w Warszawie - nowymodel.org","isPartOf":{"@id":"https:\/\/nowymodel.org\/#website"},"primaryImageOfPage":{"@id":"https:\/\/nowymodel.org\/2014\/04\/02\/nowymodel-org-na-targach-rzeczy-ladnych-w-warszawie\/#primaryimage"},"image":{"@id":"https:\/\/nowymodel.org\/2014\/04\/02\/nowymodel-org-na-targach-rzeczy-ladnych-w-warszawie\/#primaryimage"},"thumbnailUrl":"https:\/\/i2.wp.com\/nowymodel.org\/wp-content\/uploads\/2022\/04\/AVOCADO_1_T.A.Rudkiewicz_nowymodel.org_-1024x347.jpg?ssl=1","datePublished":"2014-04-02T11:57:15+00:00","dateModified":"2022-04-19T12:00:53+00:00","author":{"@id":"https:\/\/nowymodel.org\/#\/schema\/person\/b58376a44a71b7ab64c9f5d83e7b037d"},"inLanguage":"en-GB","potentialAction":[{"@type":"ReadAction","target":["https:\/\/nowymodel.org\/2014\/04\/02\/nowymodel-org-na-targach-rzeczy-ladnych-w-warszawie\/"]}]},{"@type":"ImageObject","inLanguage":"en-GB","@id":"https:\/\/nowymodel.org\/2014\/04\/02\/nowymodel-org-na-targach-rzeczy-ladnych-w-warszawie\/#primaryimage","url":"https:\/\/i2.wp.com\/nowymodel.org\/wp-content\/uploads\/2022\/04\/AVOCADO_1_T.A.Rudkiewicz_nowymodel.org_-1024x347.jpg?ssl=1","contentUrl":"https:\/\/i2.wp.com\/nowymodel.org\/wp-content\/uploads\/2022\/04\/AVOCADO_1_T.A.Rudkiewicz_nowymodel.org_-1024x347.jpg?ssl=1"},{"@type":"WebSite","@id":"https:\/\/nowymodel.org\/#website","url":"https:\/\/nowymodel.org\/","name":"nowymodel.org","description":"","potentialAction":[{"@type":"SearchAction","target":{"@type":"EntryPoint","urlTemplate":"https:\/\/nowymodel.org\/?s={search_term_string}"},"query-input":"required name=search_term_string"}],"inLanguage":"en-GB"},{"@type":"Person","@id":"https:\/\/nowymodel.org\/#\/schema\/person\/b58376a44a71b7ab64c9f5d83e7b037d","name":"emka","image":{"@type":"ImageObject","inLanguage":"en-GB","@id":"https:\/\/nowymodel.org\/#\/schema\/person\/image\/","url":"https:\/\/secure.gravatar.com\/avatar\/29564b7924fbb4fa3582526c5acd2dc5e7d5ad266d15e4e702fc81e6b994f35f?s=96&d=mm&r=g","contentUrl":"https:\/\/secure.gravatar.com\/avatar\/29564b7924fbb4fa3582526c5acd2dc5e7d5ad266d15e4e702fc81e6b994f35f?s=96&d=mm&r=g","caption":"emka"},"url":"https:\/\/nowymodel.org\/en\/author\/emka\/"}]}},"jetpack_featured_media_url":"","_links":{"self":[{"href":"https:\/\/nowymodel.org\/en\/wp-json\/wp\/v2\/posts\/12407","targetHints":{"allow":["GET"]}}],"collection":[{"href":"https:\/\/nowymodel.org\/en\/wp-json\/wp\/v2\/posts"}],"about":[{"href":"https:\/\/nowymodel.org\/en\/wp-json\/wp\/v2\/types\/post"}],"author":[{"embeddable":true,"href":"https:\/\/nowymodel.org\/en\/wp-json\/wp\/v2\/users\/2"}],"replies":[{"embeddable":true,"href":"https:\/\/nowymodel.org\/en\/wp-json\/wp\/v2\/comments?post=12407"}],"version-history":[{"count":3,"href":"https:\/\/nowymodel.org\/en\/wp-json\/wp\/v2\/posts\/12407\/revisions"}],"predecessor-version":[{"id":12417,"href":"https:\/\/nowymodel.org\/en\/wp-json\/wp\/v2\/posts\/12407\/revisions\/12417"}],"wp:attachment":[{"href":"https:\/\/nowymodel.org\/en\/wp-json\/wp\/v2\/media?parent=12407"}],"wp:term":[{"taxonomy":"category","embeddable":true,"href":"https:\/\/nowymodel.org\/en\/wp-json\/wp\/v2\/categories?post=12407"},{"taxonomy":"post_tag","embeddable":true,"href":"https:\/\/nowymodel.org\/en\/wp-json\/wp\/v2\/tags?post=12407"}],"curies":[{"name":"wp","href":"https:\/\/api.w.org\/{rel}","templated":true}]}}