{"id":12207,"date":"2014-02-14T15:37:10","date_gmt":"2014-02-14T14:37:10","guid":{"rendered":"https:\/\/nowymodel.org\/?p=12207"},"modified":"2022-04-15T15:42:37","modified_gmt":"2022-04-15T13:42:37","slug":"nowymodel-org-na-arena-design-zobacz-na-wlasne-oczy-czyli-wystawa-design-z-naszego-podworka-next-door-design","status":"publish","type":"post","link":"https:\/\/nowymodel.org\/en\/2014\/02\/14\/nowymodel-org-na-arena-design-zobacz-na-wlasne-oczy-czyli-wystawa-design-z-naszego-podworka-next-door-design\/","title":{"rendered":"nowymodel.org na arena DESIGN: zobacz na w\u0142asne oczy czyli wystawa \u201eDesign z naszego podw\u00f3rka\u201d\/ \u201eNext door design\u201d"},"content":{"rendered":"<p>Zapraszamy na wystaw\u0119 \u201eDesign z naszego podw\u00f3rka\u201d\/ \u201eNext door design\u201d, na kt\u00f3rej poka\u017cemy projekty i obiekty mistrz\u00f3w polskiego designu oraz ich najzdolniejszych uczni\u00f3w.<\/p>\n<p>nowymodel.org to fundacja zrzeszaj\u0105ca projektant\u00f3w. Dzia\u0142amy wsp\u00f3lnie, bo mamy jeden wsp\u00f3lny cel: \u017ceby polski design sta\u0142 si\u0119 rozpoznawalny i ceniony w kraju i na \u015bwiecie. Jak to zrobi\u0107? Wybitne projekty powstaj\u0105ce w g\u0142owach naszych designer\u00f3w, w ich szkicownikach i na ekranach komputer\u00f3w musz\u0105 zaistnie\u0107 w rzeczywisto\u015bci. Wierzymy, \u017ce to mo\u017cliwe, cho\u0107 bywa naprawd\u0119 trudno. Nie ustajemy jednak w dzia\u0142aniu, nie zwa\u017caj\u0105c na przeszkody. Razem jest nam ra\u017aniej!<\/p>\n<p>Na wystawie zobaczycie Pa\u0144stwo meble i inne sprz\u0119ty, kt\u00f3ry istniej\u0105 naprawd\u0119! Cz\u0119\u015b\u0107 z nich to prototypy, inne ju\u017c zosta\u0142y wdro\u017cone do produkcji. Bo tylko w ten spos\u00f3b materializuj\u0105 si\u0119 efekty tw\u00f3rczej wyobra\u017ani. Bo tylko tak mo\u017cna si\u0119 dzieli\u0107 z innymi w\u0142asn\u0105 pasj\u0105. Bo tylko tak da si\u0119 rzeczywi\u015bcie zmienia\u0107 otaczaj\u0105cy nas \u015bwiat na bardziej funkcjonalny i \u0142adniejszy.<\/p>\n<p>Niekt\u00f3re z projekt\u00f3w powsta\u0142y zaledwie kilka miesi\u0119cy temu. S\u0105 jednak i takie, kt\u00f3re czeka\u0142y na sw\u00f3j czas wiele lat, jak rega\u0142 o regulowanej wysoko\u015bci, kt\u00f3ry zosta\u0142 wymy\u015blony w 1959 roku przez\u00a0Rajmunda Teofila Ha\u0142asa. Le\u017ca\u0142 w szufladzie, a my wyj\u0119li\u015bmy go z niej na dzienne \u015bwiat\u0142o. I jest! Cieszy oczy. Staje si\u0119 sprz\u0119tem codziennego u\u017cytku w kolejnych mieszkaniach \u2013 tak\u017ce naszych w\u0142asnych. To mebel bardzo wsp\u00f3\u0142czesny. Opar\u0142 si\u0119 up\u0142ywowi czasu, a mo\u017ce po prostu przerasta\u0142 swoj\u0105 epok\u0119 o ca\u0142e dekady. Mamy nadziej\u0119, \u017ce Profesor Ha\u0142as si\u0119 cieszy i kibicuje nam z lepszego \u015bwiata.<\/p>\n<p>Wierzymy, \u017ce trzyma za nas kciuki tak\u017ce Jan W\u0119c\u0142awski. Na wystawie zobaczycie Pa\u0144stwo jego legendarny fotel z hotelu Merkury. Bardzo dzi\u0119kujemy za jego wypo\u017cyczenie\u00a0Muzeum Narodowemu w Poznaniu. Marzy nam si\u0119, \u017ceby ten fotel mia\u0142 swoje drugie \u017cycie. Bo czy mo\u017cna wymy\u015bli\u0107 co\u015b bardziej funkcjonalnego i stylowego ni\u017c polskie meble z prze\u0142omu lat 50. i 60.? Zreszt\u0105 przekonajcie si\u0119 Pa\u0144stwo sami i zobaczcie fotel na w\u0142asne oczy.<\/p>\n<p>Czujemy si\u0119 zaszczyceni faktem, \u017ce to nasz\u0105 wystaw\u0119 wybra\u0142 na premier\u0119 cyklu swoich prac zatytu\u0142owanego \u201eCorundum\u201d jeden z najbardziej charyzmatycznych polskich projektant\u00f3w \u2013\u00a0<span class=\"red_link\">Marek Cecu\u0142a<\/span>. To niezwyk\u0142e obiekty, kt\u00f3re powsta\u0142y z korundu \u2013 materia\u0142u o specjalnych w\u0142a\u015bciwo\u015bciach. Dot\u0105d u\u017cywano go w przemy\u015ble ci\u0119\u017ckim, przede wszystkim militarnym, wykorzystuj\u0105c jego twardo\u015b\u0107 (tu ust\u0119puje miejsca tylko diamentowi!). Tymczasem Marek Cecu\u0142a dostrzeg\u0142 w nim tak\u017ce interesuj\u0105ce walory dotykowe i kolorystyczne. Zafascynowany r\u00f3wnie\u017c szczeg\u00f3lnym rodzajem przezroczysto\u015bci korundu zaprojektowa\u0142 naczynia, kt\u00f3re kojarz\u0105 si\u0119 z ezoterycznymi obrz\u0119dami i magicznymi rytua\u0142ami. Jakby wierzy\u0142 w to, \u017ce najwi\u0119ksza si\u0142a drzemie w duchu, a nie w uzbrojonej po z\u0119by maszynie. My te\u017c w to wierzymy.<\/p>\n<p>Obiekt, kt\u00f3ry sprawia nam wielk\u0105 rado\u015b\u0107 to Ice Board\u00a0Micha\u0142a Kowalskiego. Jego deska do je\u017cd\u017cenia na lodzie zosta\u0142a ju\u017c przetestowana na Jeziorze Kierskim. \u015amiga, a\u017c mi\u0142o! Do tego jest lekka (mo\u017cna j\u0105 wzi\u0105\u0107 pod pach\u0119!), a Micha\u0142 walczy o to, \u017ceby by\u0142a te\u017c jak najta\u0144sza. Sam kocha sport (w tym ekstremalny) i zale\u017cy mu na tym, \u017ceby dzieli\u0107 si\u0119 swoj\u0105 pasj\u0105. Trzymajmy za niego kciuki!<\/p>\n<p>Ka\u017cdy z pokazanych przez nas mebli ma swoj\u0105 histori\u0119. O ka\u017cdym mo\u017cna by opowiada\u0107 godzinami. I ka\u017cdy s\u0142u\u017cy przede wszystkim temu, \u017ceby go u\u017cywa\u0107. Zapraszamy zatem na wystaw\u0119. Tam b\u0119dziecie mogli ich dotkn\u0105\u0107, wypr\u00f3bowa\u0107, oswoi\u0107, polubi\u0107, a tak\u017ce pozna\u0107 osobi\u015bcie projektant\u00f3w.<br \/>Zobaczycie Pa\u0144stwo prace\u00a0Tomasza Augustyniaka,\u00a0Justyny Bagi\u0144skiej\u2013Stosik,\u00a0Micha\u0142a Bartkowiaka, Jakuba Buszy\u0144skiego, Marka Cecu\u0142y,\u00a0Paw\u0142a Grajkowskiego,\u00a0Rajmunda Teofila Ha\u0142asa,\u00a0Micha\u0142a Kowalskiego,\u00a0Katarzyny Laskowskiej,\u00a0Ryszarda Ma\u0144czaka,\u00a0Tomasza Andrzeja Rudkiewicza,\u00a0Karola Starczewskiego,\u00a0Anny Trafas\u2013Kowalczyk,\u00a0Mai Uzarowicz, Jana W\u0119c\u0142awskiego.<\/p>\n<p>Podczas wernisa\u017cu 19 lutego o godzinie 17 zagra dla nas na \u017cywo zesp\u00f3\u0142\u00a0Zigzag Paradise\u00a0w sk\u0142adzie: Alex Wirtz &#8211; guitar, voice, tabla, duduk, Panos Anasontzis &#8211; guitar, percussion, Hubert Kulikowski \u2013 guitar, Zbigniew Francuzik \u2013 bass, Marcin Tuliszkiewicz \u2013 guitar.<br \/>Swoje sztandarowe piwo zaserwuje za\u015b rodzinny\u00a0browar Sza\u0142piw, za\u0142o\u017cony przez Wojciecha i Jana Sza\u0142\u00f3w, kt\u00f3ry robi si\u0119 w Poznaniu coraz modniejszy. Napijecie si\u0119 Pa\u0144stwo ich \u201eSzczuna\u201d zaprawionego subteln\u0105 chmielow\u0105 goryczk\u0105, a na os\u0142od\u0119 zaproponujemy ciemny \u201eDeszcz w Cisnej\u201d z zaprzyja\u017anionego browaru w Bieszczadach.<\/p>\n<p>Wi\u0119kszo\u015b\u0107 przygotowanych przez nas wydarze\u0144 odb\u0119dzie si\u0119 w przestrzeni stoiska nr 1 w pawilonie pi\u0105tym, ale spotkamy si\u0119 z Pa\u0144stwem tak\u017ce na Forum arena DESIGN.<\/p>\n<p>Zapraszamy projektant\u00f3w, technolog\u00f3w, student\u00f3w, a tak\u017ce tych wszystkich, kt\u00f3rych polski design po prostu interesuje, kt\u00f3rzy chc\u0105 \u017cy\u0107 w \u015bwiecie funkcjonalnym, przyjaznym i \u0142adnym. Do zobaczenia!<\/p>\n<p><span class=\"fbPhotoCaptionText\">Wernisa\u017c wystawy 19.02.2014 o godzinie 17.00. Wystawa czynna od 18 do 21.02.2014 w g. 10.00-18.00 (w pi\u0105tek do g. 16.00).<\/span><\/p>\n<p>Wej\u015bcie na nasze stoisko po zakupieniu\u00a0<a class=\"red_link\" href=\"http:\/\/www.arenadesign.pl\/pl\/bilety\/\" target=\"_blank\" rel=\"noopener\">biletu na arena DESIGN<\/a>.<\/p>\n<p><span class=\"fbPhotoCaptionText\"><a class=\"red_link\" href=\"http:\/\/nowymodel.bezkolejki.net\/Articles\/2470_2214_0_-1_aktualnosci\/6063_wydarzenia-przygotowane-przez-nowymodel-org-na-arena-design.aspx\" target=\"_blank\" rel=\"noopener\">Wydarzenia przygotowane przez nowymodel.org na arena DESIGN &gt;&gt;<\/a><\/span><\/p>\n<p><a class=\"red_link\" href=\"http:\/\/nowymodel.bezkolejki.net\/Articles\/2470_2214_0_-1_aktualnosci\/6060_nowymodel-org-na-arena-design-18-21-02.aspx\" target=\"_blank\" rel=\"noopener\">nowymodel.org na arena DESIGN &gt;&gt;<\/a><\/p>\n<p>\u00a0<\/p>\n<div>\u00a0<\/div>\n<p>\u00a0<\/p>\n\n\n<div class=\"wp-block-jetpack-tiled-gallery aligncenter is-style-rectangular\"><div class=\"tiled-gallery__gallery\"><div class=\"tiled-gallery__row\"><div class=\"tiled-gallery__col\" style=\"flex-basis:64.34636%\"><figure class=\"tiled-gallery__item\"><img decoding=\"async\" srcset=\"https:\/\/i0.wp.com\/nowymodel.org\/wp-content\/uploads\/2022\/04\/ceramika1.jpg?strip=info&#038;w=600&#038;ssl=1 600w,https:\/\/i0.wp.com\/nowymodel.org\/wp-content\/uploads\/2022\/04\/ceramika1.jpg?strip=info&#038;w=723&#038;ssl=1 723w\" alt=\"\" data-height=\"600\" data-id=\"12208\" data-link=\"https:\/\/nowymodel.org\/?attachment_id=12208\" data-url=\"https:\/\/nowymodel.org\/wp-content\/uploads\/2022\/04\/ceramika1.jpg\" data-width=\"723\" src=\"https:\/\/i0.wp.com\/nowymodel.org\/wp-content\/uploads\/2022\/04\/ceramika1.jpg?ssl=1\" data-amp-layout=\"responsive\"\/><\/figure><\/div><div class=\"tiled-gallery__col\" style=\"flex-basis:35.65364%\"><figure class=\"tiled-gallery__item\"><img decoding=\"async\" srcset=\"https:\/\/i0.wp.com\/nowymodel.org\/wp-content\/uploads\/2022\/04\/ceramika4.jpg?strip=info&#038;w=400&#038;ssl=1 400w\" alt=\"\" data-height=\"600\" data-id=\"12211\" data-link=\"https:\/\/nowymodel.org\/?attachment_id=12211\" data-url=\"https:\/\/nowymodel.org\/wp-content\/uploads\/2022\/04\/ceramika4.jpg\" data-width=\"400\" src=\"https:\/\/i0.wp.com\/nowymodel.org\/wp-content\/uploads\/2022\/04\/ceramika4.jpg?ssl=1\" data-amp-layout=\"responsive\"\/><\/figure><\/div><\/div><div class=\"tiled-gallery__row\"><div class=\"tiled-gallery__col\" style=\"flex-basis:49.34101%\"><figure class=\"tiled-gallery__item\"><img decoding=\"async\" srcset=\"https:\/\/i1.wp.com\/nowymodel.org\/wp-content\/uploads\/2022\/04\/ceramika2.jpg?strip=info&#038;w=600&#038;ssl=1 600w,https:\/\/i1.wp.com\/nowymodel.org\/wp-content\/uploads\/2022\/04\/ceramika2.jpg?strip=info&#038;w=765&#038;ssl=1 765w\" alt=\"\" data-height=\"600\" data-id=\"12209\" data-link=\"https:\/\/nowymodel.org\/?attachment_id=12209\" data-url=\"https:\/\/nowymodel.org\/wp-content\/uploads\/2022\/04\/ceramika2.jpg\" data-width=\"765\" src=\"https:\/\/i1.wp.com\/nowymodel.org\/wp-content\/uploads\/2022\/04\/ceramika2.jpg?ssl=1\" data-amp-layout=\"responsive\"\/><\/figure><figure class=\"tiled-gallery__item\"><img decoding=\"async\" srcset=\"https:\/\/i1.wp.com\/nowymodel.org\/wp-content\/uploads\/2022\/04\/ceramika3.jpg?strip=info&#038;w=600&#038;ssl=1 600w,https:\/\/i1.wp.com\/nowymodel.org\/wp-content\/uploads\/2022\/04\/ceramika3.jpg?strip=info&#038;w=900&#038;ssl=1 900w,https:\/\/i1.wp.com\/nowymodel.org\/wp-content\/uploads\/2022\/04\/ceramika3.jpg?strip=info&#038;w=921&#038;ssl=1 921w\" alt=\"\" data-height=\"600\" data-id=\"12210\" data-link=\"https:\/\/nowymodel.org\/?attachment_id=12210\" data-url=\"https:\/\/nowymodel.org\/wp-content\/uploads\/2022\/04\/ceramika3.jpg\" data-width=\"921\" src=\"https:\/\/i1.wp.com\/nowymodel.org\/wp-content\/uploads\/2022\/04\/ceramika3.jpg?ssl=1\" data-amp-layout=\"responsive\"\/><\/figure><\/div><div class=\"tiled-gallery__col\" style=\"flex-basis:50.65899%\"><figure class=\"tiled-gallery__item\"><img decoding=\"async\" srcset=\"https:\/\/i1.wp.com\/nowymodel.org\/wp-content\/uploads\/2022\/04\/weclawski.jpg?strip=info&#038;w=426&#038;ssl=1 426w\" alt=\"\" data-height=\"600\" data-id=\"12212\" data-link=\"https:\/\/nowymodel.org\/?attachment_id=12212\" data-url=\"https:\/\/nowymodel.org\/wp-content\/uploads\/2022\/04\/weclawski.jpg\" data-width=\"426\" src=\"https:\/\/i1.wp.com\/nowymodel.org\/wp-content\/uploads\/2022\/04\/weclawski.jpg?ssl=1\" data-amp-layout=\"responsive\"\/><\/figure><\/div><\/div><div class=\"tiled-gallery__row\"><div class=\"tiled-gallery__col\" style=\"flex-basis:51.80669%\"><figure class=\"tiled-gallery__item\"><img decoding=\"async\" srcset=\"https:\/\/i0.wp.com\/nowymodel.org\/wp-content\/uploads\/2022\/04\/weclawski1.jpg?strip=info&#038;w=600&#038;ssl=1 600w,https:\/\/i0.wp.com\/nowymodel.org\/wp-content\/uploads\/2022\/04\/weclawski1.jpg?strip=info&#038;w=900&#038;ssl=1 900w\" alt=\"\" data-height=\"600\" data-id=\"12213\" data-link=\"https:\/\/nowymodel.org\/?attachment_id=12213\" data-url=\"https:\/\/nowymodel.org\/wp-content\/uploads\/2022\/04\/weclawski1.jpg\" data-width=\"900\" src=\"https:\/\/i0.wp.com\/nowymodel.org\/wp-content\/uploads\/2022\/04\/weclawski1.jpg?ssl=1\" data-amp-layout=\"responsive\"\/><\/figure><\/div><div class=\"tiled-gallery__col\" style=\"flex-basis:48.19331%\"><figure class=\"tiled-gallery__item\"><img decoding=\"async\" srcset=\"https:\/\/i1.wp.com\/nowymodel.org\/wp-content\/uploads\/2022\/04\/weclawski2.jpg?strip=info&#038;w=600&#038;ssl=1 600w,https:\/\/i1.wp.com\/nowymodel.org\/wp-content\/uploads\/2022\/04\/weclawski2.jpg?strip=info&#038;w=837&#038;ssl=1 837w\" alt=\"\" data-height=\"600\" data-id=\"12214\" data-link=\"https:\/\/nowymodel.org\/?attachment_id=12214\" data-url=\"https:\/\/nowymodel.org\/wp-content\/uploads\/2022\/04\/weclawski2.jpg\" data-width=\"837\" src=\"https:\/\/i1.wp.com\/nowymodel.org\/wp-content\/uploads\/2022\/04\/weclawski2.jpg?ssl=1\" data-amp-layout=\"responsive\"\/><\/figure><\/div><\/div><\/div><\/div>","protected":false},"excerpt":{"rendered":"<p>Zapraszamy na wystaw\u0119 \u201eDesign z naszego podw\u00f3rka\u201d\/ \u201eNext door design\u201d, na kt\u00f3rej poka\u017cemy projekty i obiekty mistrz\u00f3w polskiego designu oraz ich najzdolniejszych uczni\u00f3w. nowymodel.org to fundacja zrzeszaj\u0105ca projektant\u00f3w. Dzia\u0142amy wsp\u00f3lnie, bo mamy jeden wsp\u00f3lny cel: \u017ceby polski design sta\u0142 si\u0119 rozpoznawalny i ceniony w kraju i na \u015bwiecie. Jak to zrobi\u0107? Wybitne projekty powstaj\u0105ce w [&hellip;]<\/p>\n","protected":false},"author":2,"featured_media":0,"comment_status":"closed","ping_status":"closed","sticky":false,"template":"","format":"standard","meta":{"footnotes":""},"categories":[39],"tags":[40,71,87,42,61],"class_list":["post-12207","post","type-post","status-publish","format-standard","hentry","category-aktualnosci","tag-design","tag-locosystem","tag-organicsystem","tag-polski-design","tag-polski-dizajn"],"yoast_head":"<!-- This site is optimized with the Yoast SEO plugin v22.4 - https:\/\/yoast.com\/wordpress\/plugins\/seo\/ -->\n<title>nowymodel.org na arena DESIGN: zobacz na w\u0142asne oczy czyli wystawa \u201eDesign z naszego podw\u00f3rka\u201d\/ \u201eNext door design\u201d - nowymodel.org<\/title>\n<meta name=\"robots\" content=\"index, follow, max-snippet:-1, max-image-preview:large, max-video-preview:-1\" \/>\n<link rel=\"canonical\" href=\"https:\/\/nowymodel.org\/en\/2014\/02\/14\/nowymodel-org-na-arena-design-zobacz-na-wlasne-oczy-czyli-wystawa-design-z-naszego-podworka-next-door-design\/\" \/>\n<meta property=\"og:locale\" content=\"en_GB\" \/>\n<meta property=\"og:type\" content=\"article\" \/>\n<meta property=\"og:title\" content=\"nowymodel.org na arena DESIGN: zobacz na w\u0142asne oczy czyli wystawa \u201eDesign z naszego podw\u00f3rka\u201d\/ \u201eNext door design\u201d - nowymodel.org\" \/>\n<meta property=\"og:description\" content=\"Zapraszamy na wystaw\u0119 \u201eDesign z naszego podw\u00f3rka\u201d\/ \u201eNext door design\u201d, na kt\u00f3rej poka\u017cemy projekty i obiekty mistrz\u00f3w polskiego designu oraz ich najzdolniejszych uczni\u00f3w. nowymodel.org to fundacja zrzeszaj\u0105ca projektant\u00f3w. Dzia\u0142amy wsp\u00f3lnie, bo mamy jeden wsp\u00f3lny cel: \u017ceby polski design sta\u0142 si\u0119 rozpoznawalny i ceniony w kraju i na \u015bwiecie. Jak to zrobi\u0107? Wybitne projekty powstaj\u0105ce w [&hellip;]\" \/>\n<meta property=\"og:url\" content=\"https:\/\/nowymodel.org\/en\/2014\/02\/14\/nowymodel-org-na-arena-design-zobacz-na-wlasne-oczy-czyli-wystawa-design-z-naszego-podworka-next-door-design\/\" \/>\n<meta property=\"og:site_name\" content=\"nowymodel.org\" \/>\n<meta property=\"article:published_time\" content=\"2014-02-14T14:37:10+00:00\" \/>\n<meta property=\"article:modified_time\" content=\"2022-04-15T13:42:37+00:00\" \/>\n<meta property=\"og:image\" content=\"https:\/\/i0.wp.com\/nowymodel.org\/wp-content\/uploads\/2022\/04\/ceramika1.jpg?ssl=1\" \/>\n<meta name=\"author\" content=\"emka\" \/>\n<meta name=\"twitter:card\" content=\"summary_large_image\" \/>\n<meta name=\"twitter:label1\" content=\"Written by\" \/>\n\t<meta name=\"twitter:data1\" content=\"emka\" \/>\n\t<meta name=\"twitter:label2\" content=\"Estimated reading time\" \/>\n\t<meta name=\"twitter:data2\" content=\"4 minutes\" \/>\n<script type=\"application\/ld+json\" class=\"yoast-schema-graph\">{\"@context\":\"https:\/\/schema.org\",\"@graph\":[{\"@type\":\"WebPage\",\"@id\":\"https:\/\/nowymodel.org\/2014\/02\/14\/nowymodel-org-na-arena-design-zobacz-na-wlasne-oczy-czyli-wystawa-design-z-naszego-podworka-next-door-design\/\",\"url\":\"https:\/\/nowymodel.org\/2014\/02\/14\/nowymodel-org-na-arena-design-zobacz-na-wlasne-oczy-czyli-wystawa-design-z-naszego-podworka-next-door-design\/\",\"name\":\"nowymodel.org na arena DESIGN: zobacz na w\u0142asne oczy czyli wystawa \u201eDesign z naszego podw\u00f3rka\u201d\/ \u201eNext door design\u201d - nowymodel.org\",\"isPartOf\":{\"@id\":\"https:\/\/nowymodel.org\/#website\"},\"primaryImageOfPage\":{\"@id\":\"https:\/\/nowymodel.org\/2014\/02\/14\/nowymodel-org-na-arena-design-zobacz-na-wlasne-oczy-czyli-wystawa-design-z-naszego-podworka-next-door-design\/#primaryimage\"},\"image\":{\"@id\":\"https:\/\/nowymodel.org\/2014\/02\/14\/nowymodel-org-na-arena-design-zobacz-na-wlasne-oczy-czyli-wystawa-design-z-naszego-podworka-next-door-design\/#primaryimage\"},\"thumbnailUrl\":\"https:\/\/i0.wp.com\/nowymodel.org\/wp-content\/uploads\/2022\/04\/ceramika1.jpg?ssl=1\",\"datePublished\":\"2014-02-14T14:37:10+00:00\",\"dateModified\":\"2022-04-15T13:42:37+00:00\",\"author\":{\"@id\":\"https:\/\/nowymodel.org\/#\/schema\/person\/b58376a44a71b7ab64c9f5d83e7b037d\"},\"inLanguage\":\"en-GB\",\"potentialAction\":[{\"@type\":\"ReadAction\",\"target\":[\"https:\/\/nowymodel.org\/2014\/02\/14\/nowymodel-org-na-arena-design-zobacz-na-wlasne-oczy-czyli-wystawa-design-z-naszego-podworka-next-door-design\/\"]}]},{\"@type\":\"ImageObject\",\"inLanguage\":\"en-GB\",\"@id\":\"https:\/\/nowymodel.org\/2014\/02\/14\/nowymodel-org-na-arena-design-zobacz-na-wlasne-oczy-czyli-wystawa-design-z-naszego-podworka-next-door-design\/#primaryimage\",\"url\":\"https:\/\/i0.wp.com\/nowymodel.org\/wp-content\/uploads\/2022\/04\/ceramika1.jpg?ssl=1\",\"contentUrl\":\"https:\/\/i0.wp.com\/nowymodel.org\/wp-content\/uploads\/2022\/04\/ceramika1.jpg?ssl=1\"},{\"@type\":\"WebSite\",\"@id\":\"https:\/\/nowymodel.org\/#website\",\"url\":\"https:\/\/nowymodel.org\/\",\"name\":\"nowymodel.org\",\"description\":\"\",\"potentialAction\":[{\"@type\":\"SearchAction\",\"target\":{\"@type\":\"EntryPoint\",\"urlTemplate\":\"https:\/\/nowymodel.org\/?s={search_term_string}\"},\"query-input\":\"required name=search_term_string\"}],\"inLanguage\":\"en-GB\"},{\"@type\":\"Person\",\"@id\":\"https:\/\/nowymodel.org\/#\/schema\/person\/b58376a44a71b7ab64c9f5d83e7b037d\",\"name\":\"emka\",\"image\":{\"@type\":\"ImageObject\",\"inLanguage\":\"en-GB\",\"@id\":\"https:\/\/nowymodel.org\/#\/schema\/person\/image\/\",\"url\":\"https:\/\/secure.gravatar.com\/avatar\/29564b7924fbb4fa3582526c5acd2dc5e7d5ad266d15e4e702fc81e6b994f35f?s=96&d=mm&r=g\",\"contentUrl\":\"https:\/\/secure.gravatar.com\/avatar\/29564b7924fbb4fa3582526c5acd2dc5e7d5ad266d15e4e702fc81e6b994f35f?s=96&d=mm&r=g\",\"caption\":\"emka\"},\"url\":\"https:\/\/nowymodel.org\/en\/author\/emka\/\"}]}<\/script>\n<!-- \/ Yoast SEO plugin. -->","yoast_head_json":{"title":"nowymodel.org na arena DESIGN: zobacz na w\u0142asne oczy czyli wystawa \u201eDesign z naszego podw\u00f3rka\u201d\/ \u201eNext door design\u201d - nowymodel.org","robots":{"index":"index","follow":"follow","max-snippet":"max-snippet:-1","max-image-preview":"max-image-preview:large","max-video-preview":"max-video-preview:-1"},"canonical":"https:\/\/nowymodel.org\/en\/2014\/02\/14\/nowymodel-org-na-arena-design-zobacz-na-wlasne-oczy-czyli-wystawa-design-z-naszego-podworka-next-door-design\/","og_locale":"en_GB","og_type":"article","og_title":"nowymodel.org na arena DESIGN: zobacz na w\u0142asne oczy czyli wystawa \u201eDesign z naszego podw\u00f3rka\u201d\/ \u201eNext door design\u201d - nowymodel.org","og_description":"Zapraszamy na wystaw\u0119 \u201eDesign z naszego podw\u00f3rka\u201d\/ \u201eNext door design\u201d, na kt\u00f3rej poka\u017cemy projekty i obiekty mistrz\u00f3w polskiego designu oraz ich najzdolniejszych uczni\u00f3w. nowymodel.org to fundacja zrzeszaj\u0105ca projektant\u00f3w. Dzia\u0142amy wsp\u00f3lnie, bo mamy jeden wsp\u00f3lny cel: \u017ceby polski design sta\u0142 si\u0119 rozpoznawalny i ceniony w kraju i na \u015bwiecie. Jak to zrobi\u0107? Wybitne projekty powstaj\u0105ce w [&hellip;]","og_url":"https:\/\/nowymodel.org\/en\/2014\/02\/14\/nowymodel-org-na-arena-design-zobacz-na-wlasne-oczy-czyli-wystawa-design-z-naszego-podworka-next-door-design\/","og_site_name":"nowymodel.org","article_published_time":"2014-02-14T14:37:10+00:00","article_modified_time":"2022-04-15T13:42:37+00:00","og_image":[{"url":"https:\/\/i0.wp.com\/nowymodel.org\/wp-content\/uploads\/2022\/04\/ceramika1.jpg?ssl=1"}],"author":"emka","twitter_card":"summary_large_image","twitter_misc":{"Written by":"emka","Estimated reading time":"4 minutes"},"schema":{"@context":"https:\/\/schema.org","@graph":[{"@type":"WebPage","@id":"https:\/\/nowymodel.org\/2014\/02\/14\/nowymodel-org-na-arena-design-zobacz-na-wlasne-oczy-czyli-wystawa-design-z-naszego-podworka-next-door-design\/","url":"https:\/\/nowymodel.org\/2014\/02\/14\/nowymodel-org-na-arena-design-zobacz-na-wlasne-oczy-czyli-wystawa-design-z-naszego-podworka-next-door-design\/","name":"nowymodel.org na arena DESIGN: zobacz na w\u0142asne oczy czyli wystawa \u201eDesign z naszego podw\u00f3rka\u201d\/ \u201eNext door design\u201d - nowymodel.org","isPartOf":{"@id":"https:\/\/nowymodel.org\/#website"},"primaryImageOfPage":{"@id":"https:\/\/nowymodel.org\/2014\/02\/14\/nowymodel-org-na-arena-design-zobacz-na-wlasne-oczy-czyli-wystawa-design-z-naszego-podworka-next-door-design\/#primaryimage"},"image":{"@id":"https:\/\/nowymodel.org\/2014\/02\/14\/nowymodel-org-na-arena-design-zobacz-na-wlasne-oczy-czyli-wystawa-design-z-naszego-podworka-next-door-design\/#primaryimage"},"thumbnailUrl":"https:\/\/i0.wp.com\/nowymodel.org\/wp-content\/uploads\/2022\/04\/ceramika1.jpg?ssl=1","datePublished":"2014-02-14T14:37:10+00:00","dateModified":"2022-04-15T13:42:37+00:00","author":{"@id":"https:\/\/nowymodel.org\/#\/schema\/person\/b58376a44a71b7ab64c9f5d83e7b037d"},"inLanguage":"en-GB","potentialAction":[{"@type":"ReadAction","target":["https:\/\/nowymodel.org\/2014\/02\/14\/nowymodel-org-na-arena-design-zobacz-na-wlasne-oczy-czyli-wystawa-design-z-naszego-podworka-next-door-design\/"]}]},{"@type":"ImageObject","inLanguage":"en-GB","@id":"https:\/\/nowymodel.org\/2014\/02\/14\/nowymodel-org-na-arena-design-zobacz-na-wlasne-oczy-czyli-wystawa-design-z-naszego-podworka-next-door-design\/#primaryimage","url":"https:\/\/i0.wp.com\/nowymodel.org\/wp-content\/uploads\/2022\/04\/ceramika1.jpg?ssl=1","contentUrl":"https:\/\/i0.wp.com\/nowymodel.org\/wp-content\/uploads\/2022\/04\/ceramika1.jpg?ssl=1"},{"@type":"WebSite","@id":"https:\/\/nowymodel.org\/#website","url":"https:\/\/nowymodel.org\/","name":"nowymodel.org","description":"","potentialAction":[{"@type":"SearchAction","target":{"@type":"EntryPoint","urlTemplate":"https:\/\/nowymodel.org\/?s={search_term_string}"},"query-input":"required name=search_term_string"}],"inLanguage":"en-GB"},{"@type":"Person","@id":"https:\/\/nowymodel.org\/#\/schema\/person\/b58376a44a71b7ab64c9f5d83e7b037d","name":"emka","image":{"@type":"ImageObject","inLanguage":"en-GB","@id":"https:\/\/nowymodel.org\/#\/schema\/person\/image\/","url":"https:\/\/secure.gravatar.com\/avatar\/29564b7924fbb4fa3582526c5acd2dc5e7d5ad266d15e4e702fc81e6b994f35f?s=96&d=mm&r=g","contentUrl":"https:\/\/secure.gravatar.com\/avatar\/29564b7924fbb4fa3582526c5acd2dc5e7d5ad266d15e4e702fc81e6b994f35f?s=96&d=mm&r=g","caption":"emka"},"url":"https:\/\/nowymodel.org\/en\/author\/emka\/"}]}},"jetpack_featured_media_url":"","_links":{"self":[{"href":"https:\/\/nowymodel.org\/en\/wp-json\/wp\/v2\/posts\/12207","targetHints":{"allow":["GET"]}}],"collection":[{"href":"https:\/\/nowymodel.org\/en\/wp-json\/wp\/v2\/posts"}],"about":[{"href":"https:\/\/nowymodel.org\/en\/wp-json\/wp\/v2\/types\/post"}],"author":[{"embeddable":true,"href":"https:\/\/nowymodel.org\/en\/wp-json\/wp\/v2\/users\/2"}],"replies":[{"embeddable":true,"href":"https:\/\/nowymodel.org\/en\/wp-json\/wp\/v2\/comments?post=12207"}],"version-history":[{"count":3,"href":"https:\/\/nowymodel.org\/en\/wp-json\/wp\/v2\/posts\/12207\/revisions"}],"predecessor-version":[{"id":12217,"href":"https:\/\/nowymodel.org\/en\/wp-json\/wp\/v2\/posts\/12207\/revisions\/12217"}],"wp:attachment":[{"href":"https:\/\/nowymodel.org\/en\/wp-json\/wp\/v2\/media?parent=12207"}],"wp:term":[{"taxonomy":"category","embeddable":true,"href":"https:\/\/nowymodel.org\/en\/wp-json\/wp\/v2\/categories?post=12207"},{"taxonomy":"post_tag","embeddable":true,"href":"https:\/\/nowymodel.org\/en\/wp-json\/wp\/v2\/tags?post=12207"}],"curies":[{"name":"wp","href":"https:\/\/api.w.org\/{rel}","templated":true}]}}