{"id":12191,"date":"2014-02-14T15:05:33","date_gmt":"2014-02-14T14:05:33","guid":{"rendered":"https:\/\/nowymodel.org\/?p=12191"},"modified":"2022-04-15T15:08:34","modified_gmt":"2022-04-15T13:08:34","slug":"nowymodel-org-na-arena-design-liczy-sie-twoj-pomysl-czyli-pranie-designu","status":"publish","type":"post","link":"https:\/\/nowymodel.org\/en\/2014\/02\/14\/nowymodel-org-na-arena-design-liczy-sie-twoj-pomysl-czyli-pranie-designu\/","title":{"rendered":"nowymodel.org na arena DESIGN: liczy si\u0119 Tw\u00f3j pomys\u0142 czyli \u201ePranie designu\u201d"},"content":{"rendered":"<p>Bez konieczno\u015bci zapisywania si\u0119 mo\u017cna b\u0119dzie wzi\u0105\u0107 udzia\u0142 w ca\u0142odniowych warsztatach kreatywnych \u201ePranie designu\u201d inspirowanych plenerami prowadzonymi przez jednego z naszych mistrz\u00f3w \u2013 Profesora Rajmunda Teofila Ha\u0142asa.<\/p>\n<p>Profesor zach\u0119ca\u0142 swoich student\u00f3w do tw\u00f3rczego my\u015blenia wszystkimi mo\u017cliwymi sposobami. Jednym z nich by\u0142o w\u0142a\u015bnie owo \u201epranie\u201d czyli pr\u00f3ba spojrzenia na design zupe\u0142nie nowym okiem: jakby si\u0119 bardzo zabrudzi\u0142 od plam rutyny, jakby zesztywnia\u0142 od kurzu, jakby zszarza\u0142 i wyblak\u0142.<\/p>\n<p>Spr\u00f3bujmy go razem namoczy\u0107 w czystej wodzie tak bardzo, \u017ce si\u0119 prawie rozpu\u015bci. Dosypmy proszku nowych pomys\u0142\u00f3w, dolejmy pachn\u0105cego p\u0142ynu wyobra\u017ani, odwirujmy pomy\u0142ki, drobne braki, niedoci\u0105gni\u0119cia i\u2026 powie\u015bmy nasz nowy, \u015bliczny, \u015bwie\u017cy design na sznurku, \u017ceby wysech\u0142.<br>Projekty i pomys\u0142y skomentuj\u0105 i om\u00f3wi\u0105 kolejno:&nbsp;Marek Cecu\u0142a,&nbsp;Katarzyna Laskowska,&nbsp;Ryszard Ma\u0144czak&nbsp;i&nbsp;Karol Starczewski.<\/p>\n<p>Zajmiemy si\u0119 now\u0105 obecno\u015bci\u0105 porcelany (postawi\u0107 fili\u017cank\u0119 na stole czy mo\u017ce zastawi\u0107 st\u00f3\u0142 z porcelanowymi nogami?), now\u0105 form\u0105 \u015bwiat\u0142a (czy okno mo\u017ce by\u0107 lamp\u0105? jak rozja\u015bni\u0107 najciemniejsze miejsce pod s\u0142o\u0144cem?), meblowaniem przestrzeni publicznej (\u0142awka, kosz na \u015bmieci, wiata przystanku, rega\u0142 miejski, ogrzewacz do r\u0105k, drogowskazy\u2026 czy naprawd\u0119 wszystko ju\u017c by\u0142o?), a tak\u017ce tym, jak zamieni\u0107 polski design w szwajcarski zegarek (wystarczy go nakr\u0119ci\u0107? do\u0142o\u017cy\u0107 bateri\u0119 s\u0142oneczn\u0105? a mo\u017ce tylko wyj\u0105\u0107 piasek spomi\u0119dzy tryb\u00f3w?).<\/p>\n<p>O szansach i przeszkodach, kt\u00f3re stoj\u0105 przed polskimi projektantami, b\u0119dziemy dyskutowa\u0107 w doborowym gronie podczas panelu \u201eGdzie jest materia\u0142 na polski design?\u201d. Wezm\u0105 w nim udzia\u0142 projektanci wsp\u00f3\u0142pracuj\u0105cy z nowymodel.org:&nbsp;Tomasz Augustyniak,&nbsp;Marek Cecu\u0142a,&nbsp;Pawe\u0142 Grajkowski, Ryszard Ma\u0144czak, Karol Starczewski,&nbsp;Anna Trafas-Kowalczyk&nbsp;i&nbsp;Maja Uzarowicz. Podziel\u0105 si\u0119 swoimi do\u015bwiadczeniami (dobrymi i z\u0142ymi), opowiedz\u0105 o pomys\u0142ach, odpowiedz\u0105 na pytania publiczno\u015bci.<\/p>\n<p>Wi\u0119kszo\u015b\u0107 przygotowanych przez nas wydarze\u0144 odb\u0119dzie si\u0119 w przestrzeni stoiska nr 1 w pawilonie pi\u0105tym, ale spotkamy si\u0119 z Pa\u0144stwem tak\u017ce na Forum arena DESIGN.<br>Zapraszamy projektant\u00f3w, technolog\u00f3w, student\u00f3w, a tak\u017ce tych wszystkich, kt\u00f3rych polski design po prostu interesuje, kt\u00f3rzy chc\u0105 \u017cy\u0107 w \u015bwiecie funkcjonalnym, przyjaznym i \u0142adnym. Do zobaczenia!<\/p>\n<p><span class=\"fbPhotoCaptionText\">\u201ePranie designu\u201d codziennie w godzinach 10-18.<br>Komentarze ekspert\u00f3w we wtorek o g. 16, a w pi\u0105tek o g. 14.<\/span><\/p>\n<p>Wej\u015bcie na nasze stoisko po zakupieniu&nbsp;<a class=\"red_link\" href=\"http:\/\/www.arenadesign.pl\/pl\/bilety\/\" target=\"_blank\" rel=\"noopener\">biletu na arena DESIGN<\/a>.<\/p>\n<p><a class=\"red_link\" href=\"http:\/\/nowymodel.bezkolejki.net\/Articles\/2470_2214_0_-1_aktualnosci\/6063_wydarzenia-przygotowane-przez-nowymodel-org-na-arena-design.aspx\" target=\"_blank\" rel=\"noopener\">Wydarzenia przygotowane przez nowymodel.org na arena DESIGN &gt;&gt;<\/a><br>nowymodel.org na arena DESIGN &gt;&gt;<\/p>\n<div>&nbsp;<\/div>\n<p><\/p>\n\n\n<div class=\"wp-block-jetpack-tiled-gallery aligncenter is-style-rectangular\"><div class=\"tiled-gallery__gallery\"><div class=\"tiled-gallery__row\"><div class=\"tiled-gallery__col\" style=\"flex-basis:17.14531%\"><figure class=\"tiled-gallery__item\"><img decoding=\"async\" srcset=\"https:\/\/i0.wp.com\/nowymodel.org\/wp-content\/uploads\/2022\/04\/halas_wstega_fb.jpg?strip=info&#038;w=292&#038;ssl=1 292w\" alt=\"\" data-height=\"600\" data-id=\"12192\" data-link=\"https:\/\/nowymodel.org\/?attachment_id=12192\" data-url=\"https:\/\/nowymodel.org\/wp-content\/uploads\/2022\/04\/halas_wstega_fb.jpg\" data-width=\"292\" src=\"https:\/\/i0.wp.com\/nowymodel.org\/wp-content\/uploads\/2022\/04\/halas_wstega_fb.jpg?ssl=1\" data-amp-layout=\"responsive\"\/><\/figure><\/div><div class=\"tiled-gallery__col\" style=\"flex-basis:30.57712%\"><figure class=\"tiled-gallery__item\"><img decoding=\"async\" srcset=\"https:\/\/i1.wp.com\/nowymodel.org\/wp-content\/uploads\/2022\/04\/krzesla.jpg?strip=info&#038;w=522&#038;ssl=1 522w\" alt=\"\" data-height=\"600\" data-id=\"12193\" data-link=\"https:\/\/nowymodel.org\/?attachment_id=12193\" data-url=\"https:\/\/nowymodel.org\/wp-content\/uploads\/2022\/04\/krzesla.jpg\" data-width=\"522\" src=\"https:\/\/i1.wp.com\/nowymodel.org\/wp-content\/uploads\/2022\/04\/krzesla.jpg?ssl=1\" data-amp-layout=\"responsive\"\/><\/figure><\/div><div class=\"tiled-gallery__col\" style=\"flex-basis:23.97801%\"><figure class=\"tiled-gallery__item\"><img decoding=\"async\" srcset=\"https:\/\/i0.wp.com\/nowymodel.org\/wp-content\/uploads\/2022\/04\/regal-2.jpg?strip=info&#038;w=409&#038;ssl=1 409w\" alt=\"\" data-height=\"600\" data-id=\"12194\" data-link=\"https:\/\/nowymodel.org\/?attachment_id=12194\" data-url=\"https:\/\/nowymodel.org\/wp-content\/uploads\/2022\/04\/regal-2.jpg\" data-width=\"409\" src=\"https:\/\/i0.wp.com\/nowymodel.org\/wp-content\/uploads\/2022\/04\/regal-2.jpg?ssl=1\" data-amp-layout=\"responsive\"\/><\/figure><\/div><div class=\"tiled-gallery__col\" style=\"flex-basis:28.29955%\"><figure class=\"tiled-gallery__item\"><img decoding=\"async\" srcset=\"https:\/\/i2.wp.com\/nowymodel.org\/wp-content\/uploads\/2022\/04\/rega-o-zmiennych-wysokosci.jpg?strip=info&#038;w=483&#038;ssl=1 483w\" alt=\"\" data-height=\"600\" data-id=\"12195\" data-link=\"https:\/\/nowymodel.org\/?attachment_id=12195\" data-url=\"https:\/\/nowymodel.org\/wp-content\/uploads\/2022\/04\/rega-o-zmiennych-wysokosci.jpg\" data-width=\"483\" src=\"https:\/\/i2.wp.com\/nowymodel.org\/wp-content\/uploads\/2022\/04\/rega-o-zmiennych-wysokosci.jpg?ssl=1\" data-amp-layout=\"responsive\"\/><\/figure><\/div><\/div><\/div><\/div>","protected":false},"excerpt":{"rendered":"<p>Bez konieczno\u015bci zapisywania si\u0119 mo\u017cna b\u0119dzie wzi\u0105\u0107 udzia\u0142 w ca\u0142odniowych warsztatach kreatywnych \u201ePranie designu\u201d inspirowanych plenerami prowadzonymi przez jednego z naszych mistrz\u00f3w \u2013 Profesora Rajmunda Teofila Ha\u0142asa. Profesor zach\u0119ca\u0142 swoich student\u00f3w do tw\u00f3rczego my\u015blenia wszystkimi mo\u017cliwymi sposobami. Jednym z nich by\u0142o w\u0142a\u015bnie owo \u201epranie\u201d czyli pr\u00f3ba spojrzenia na design zupe\u0142nie nowym okiem: jakby si\u0119 bardzo [&hellip;]<\/p>\n","protected":false},"author":2,"featured_media":0,"comment_status":"closed","ping_status":"closed","sticky":false,"template":"","format":"standard","meta":{"footnotes":""},"categories":[39],"tags":[40,71,87,42,61],"class_list":["post-12191","post","type-post","status-publish","format-standard","hentry","category-aktualnosci","tag-design","tag-locosystem","tag-organicsystem","tag-polski-design","tag-polski-dizajn"],"yoast_head":"<!-- This site is optimized with the Yoast SEO plugin v22.4 - https:\/\/yoast.com\/wordpress\/plugins\/seo\/ -->\n<title>nowymodel.org na arena DESIGN: liczy si\u0119 Tw\u00f3j pomys\u0142 czyli \u201ePranie designu\u201d - nowymodel.org<\/title>\n<meta name=\"robots\" content=\"index, follow, max-snippet:-1, max-image-preview:large, max-video-preview:-1\" \/>\n<link rel=\"canonical\" href=\"https:\/\/nowymodel.org\/en\/2014\/02\/14\/nowymodel-org-na-arena-design-liczy-sie-twoj-pomysl-czyli-pranie-designu\/\" \/>\n<meta property=\"og:locale\" content=\"en_GB\" \/>\n<meta property=\"og:type\" content=\"article\" \/>\n<meta property=\"og:title\" content=\"nowymodel.org na arena DESIGN: liczy si\u0119 Tw\u00f3j pomys\u0142 czyli \u201ePranie designu\u201d - nowymodel.org\" \/>\n<meta property=\"og:description\" content=\"Bez konieczno\u015bci zapisywania si\u0119 mo\u017cna b\u0119dzie wzi\u0105\u0107 udzia\u0142 w ca\u0142odniowych warsztatach kreatywnych \u201ePranie designu\u201d inspirowanych plenerami prowadzonymi przez jednego z naszych mistrz\u00f3w \u2013 Profesora Rajmunda Teofila Ha\u0142asa. Profesor zach\u0119ca\u0142 swoich student\u00f3w do tw\u00f3rczego my\u015blenia wszystkimi mo\u017cliwymi sposobami. Jednym z nich by\u0142o w\u0142a\u015bnie owo \u201epranie\u201d czyli pr\u00f3ba spojrzenia na design zupe\u0142nie nowym okiem: jakby si\u0119 bardzo [&hellip;]\" \/>\n<meta property=\"og:url\" content=\"https:\/\/nowymodel.org\/en\/2014\/02\/14\/nowymodel-org-na-arena-design-liczy-sie-twoj-pomysl-czyli-pranie-designu\/\" \/>\n<meta property=\"og:site_name\" content=\"nowymodel.org\" \/>\n<meta property=\"article:published_time\" content=\"2014-02-14T14:05:33+00:00\" \/>\n<meta property=\"article:modified_time\" content=\"2022-04-15T13:08:34+00:00\" \/>\n<meta property=\"og:image\" content=\"https:\/\/i0.wp.com\/nowymodel.org\/wp-content\/uploads\/2022\/04\/halas_wstega_fb.jpg?ssl=1\" \/>\n<meta name=\"author\" content=\"emka\" \/>\n<meta name=\"twitter:card\" content=\"summary_large_image\" \/>\n<meta name=\"twitter:label1\" content=\"Written by\" \/>\n\t<meta name=\"twitter:data1\" content=\"emka\" \/>\n\t<meta name=\"twitter:label2\" content=\"Estimated reading time\" \/>\n\t<meta name=\"twitter:data2\" content=\"2 minutes\" \/>\n<script type=\"application\/ld+json\" class=\"yoast-schema-graph\">{\"@context\":\"https:\/\/schema.org\",\"@graph\":[{\"@type\":\"WebPage\",\"@id\":\"https:\/\/nowymodel.org\/2014\/02\/14\/nowymodel-org-na-arena-design-liczy-sie-twoj-pomysl-czyli-pranie-designu\/\",\"url\":\"https:\/\/nowymodel.org\/2014\/02\/14\/nowymodel-org-na-arena-design-liczy-sie-twoj-pomysl-czyli-pranie-designu\/\",\"name\":\"nowymodel.org na arena DESIGN: liczy si\u0119 Tw\u00f3j pomys\u0142 czyli \u201ePranie designu\u201d - nowymodel.org\",\"isPartOf\":{\"@id\":\"https:\/\/nowymodel.org\/#website\"},\"primaryImageOfPage\":{\"@id\":\"https:\/\/nowymodel.org\/2014\/02\/14\/nowymodel-org-na-arena-design-liczy-sie-twoj-pomysl-czyli-pranie-designu\/#primaryimage\"},\"image\":{\"@id\":\"https:\/\/nowymodel.org\/2014\/02\/14\/nowymodel-org-na-arena-design-liczy-sie-twoj-pomysl-czyli-pranie-designu\/#primaryimage\"},\"thumbnailUrl\":\"https:\/\/i0.wp.com\/nowymodel.org\/wp-content\/uploads\/2022\/04\/halas_wstega_fb.jpg?ssl=1\",\"datePublished\":\"2014-02-14T14:05:33+00:00\",\"dateModified\":\"2022-04-15T13:08:34+00:00\",\"author\":{\"@id\":\"https:\/\/nowymodel.org\/#\/schema\/person\/b58376a44a71b7ab64c9f5d83e7b037d\"},\"inLanguage\":\"en-GB\",\"potentialAction\":[{\"@type\":\"ReadAction\",\"target\":[\"https:\/\/nowymodel.org\/2014\/02\/14\/nowymodel-org-na-arena-design-liczy-sie-twoj-pomysl-czyli-pranie-designu\/\"]}]},{\"@type\":\"ImageObject\",\"inLanguage\":\"en-GB\",\"@id\":\"https:\/\/nowymodel.org\/2014\/02\/14\/nowymodel-org-na-arena-design-liczy-sie-twoj-pomysl-czyli-pranie-designu\/#primaryimage\",\"url\":\"https:\/\/i0.wp.com\/nowymodel.org\/wp-content\/uploads\/2022\/04\/halas_wstega_fb.jpg?ssl=1\",\"contentUrl\":\"https:\/\/i0.wp.com\/nowymodel.org\/wp-content\/uploads\/2022\/04\/halas_wstega_fb.jpg?ssl=1\"},{\"@type\":\"WebSite\",\"@id\":\"https:\/\/nowymodel.org\/#website\",\"url\":\"https:\/\/nowymodel.org\/\",\"name\":\"nowymodel.org\",\"description\":\"\",\"potentialAction\":[{\"@type\":\"SearchAction\",\"target\":{\"@type\":\"EntryPoint\",\"urlTemplate\":\"https:\/\/nowymodel.org\/?s={search_term_string}\"},\"query-input\":\"required name=search_term_string\"}],\"inLanguage\":\"en-GB\"},{\"@type\":\"Person\",\"@id\":\"https:\/\/nowymodel.org\/#\/schema\/person\/b58376a44a71b7ab64c9f5d83e7b037d\",\"name\":\"emka\",\"image\":{\"@type\":\"ImageObject\",\"inLanguage\":\"en-GB\",\"@id\":\"https:\/\/nowymodel.org\/#\/schema\/person\/image\/\",\"url\":\"https:\/\/secure.gravatar.com\/avatar\/29564b7924fbb4fa3582526c5acd2dc5e7d5ad266d15e4e702fc81e6b994f35f?s=96&d=mm&r=g\",\"contentUrl\":\"https:\/\/secure.gravatar.com\/avatar\/29564b7924fbb4fa3582526c5acd2dc5e7d5ad266d15e4e702fc81e6b994f35f?s=96&d=mm&r=g\",\"caption\":\"emka\"},\"url\":\"https:\/\/nowymodel.org\/en\/author\/emka\/\"}]}<\/script>\n<!-- \/ Yoast SEO plugin. -->","yoast_head_json":{"title":"nowymodel.org na arena DESIGN: liczy si\u0119 Tw\u00f3j pomys\u0142 czyli \u201ePranie designu\u201d - nowymodel.org","robots":{"index":"index","follow":"follow","max-snippet":"max-snippet:-1","max-image-preview":"max-image-preview:large","max-video-preview":"max-video-preview:-1"},"canonical":"https:\/\/nowymodel.org\/en\/2014\/02\/14\/nowymodel-org-na-arena-design-liczy-sie-twoj-pomysl-czyli-pranie-designu\/","og_locale":"en_GB","og_type":"article","og_title":"nowymodel.org na arena DESIGN: liczy si\u0119 Tw\u00f3j pomys\u0142 czyli \u201ePranie designu\u201d - nowymodel.org","og_description":"Bez konieczno\u015bci zapisywania si\u0119 mo\u017cna b\u0119dzie wzi\u0105\u0107 udzia\u0142 w ca\u0142odniowych warsztatach kreatywnych \u201ePranie designu\u201d inspirowanych plenerami prowadzonymi przez jednego z naszych mistrz\u00f3w \u2013 Profesora Rajmunda Teofila Ha\u0142asa. Profesor zach\u0119ca\u0142 swoich student\u00f3w do tw\u00f3rczego my\u015blenia wszystkimi mo\u017cliwymi sposobami. Jednym z nich by\u0142o w\u0142a\u015bnie owo \u201epranie\u201d czyli pr\u00f3ba spojrzenia na design zupe\u0142nie nowym okiem: jakby si\u0119 bardzo [&hellip;]","og_url":"https:\/\/nowymodel.org\/en\/2014\/02\/14\/nowymodel-org-na-arena-design-liczy-sie-twoj-pomysl-czyli-pranie-designu\/","og_site_name":"nowymodel.org","article_published_time":"2014-02-14T14:05:33+00:00","article_modified_time":"2022-04-15T13:08:34+00:00","og_image":[{"url":"https:\/\/i0.wp.com\/nowymodel.org\/wp-content\/uploads\/2022\/04\/halas_wstega_fb.jpg?ssl=1"}],"author":"emka","twitter_card":"summary_large_image","twitter_misc":{"Written by":"emka","Estimated reading time":"2 minutes"},"schema":{"@context":"https:\/\/schema.org","@graph":[{"@type":"WebPage","@id":"https:\/\/nowymodel.org\/2014\/02\/14\/nowymodel-org-na-arena-design-liczy-sie-twoj-pomysl-czyli-pranie-designu\/","url":"https:\/\/nowymodel.org\/2014\/02\/14\/nowymodel-org-na-arena-design-liczy-sie-twoj-pomysl-czyli-pranie-designu\/","name":"nowymodel.org na arena DESIGN: liczy si\u0119 Tw\u00f3j pomys\u0142 czyli \u201ePranie designu\u201d - nowymodel.org","isPartOf":{"@id":"https:\/\/nowymodel.org\/#website"},"primaryImageOfPage":{"@id":"https:\/\/nowymodel.org\/2014\/02\/14\/nowymodel-org-na-arena-design-liczy-sie-twoj-pomysl-czyli-pranie-designu\/#primaryimage"},"image":{"@id":"https:\/\/nowymodel.org\/2014\/02\/14\/nowymodel-org-na-arena-design-liczy-sie-twoj-pomysl-czyli-pranie-designu\/#primaryimage"},"thumbnailUrl":"https:\/\/i0.wp.com\/nowymodel.org\/wp-content\/uploads\/2022\/04\/halas_wstega_fb.jpg?ssl=1","datePublished":"2014-02-14T14:05:33+00:00","dateModified":"2022-04-15T13:08:34+00:00","author":{"@id":"https:\/\/nowymodel.org\/#\/schema\/person\/b58376a44a71b7ab64c9f5d83e7b037d"},"inLanguage":"en-GB","potentialAction":[{"@type":"ReadAction","target":["https:\/\/nowymodel.org\/2014\/02\/14\/nowymodel-org-na-arena-design-liczy-sie-twoj-pomysl-czyli-pranie-designu\/"]}]},{"@type":"ImageObject","inLanguage":"en-GB","@id":"https:\/\/nowymodel.org\/2014\/02\/14\/nowymodel-org-na-arena-design-liczy-sie-twoj-pomysl-czyli-pranie-designu\/#primaryimage","url":"https:\/\/i0.wp.com\/nowymodel.org\/wp-content\/uploads\/2022\/04\/halas_wstega_fb.jpg?ssl=1","contentUrl":"https:\/\/i0.wp.com\/nowymodel.org\/wp-content\/uploads\/2022\/04\/halas_wstega_fb.jpg?ssl=1"},{"@type":"WebSite","@id":"https:\/\/nowymodel.org\/#website","url":"https:\/\/nowymodel.org\/","name":"nowymodel.org","description":"","potentialAction":[{"@type":"SearchAction","target":{"@type":"EntryPoint","urlTemplate":"https:\/\/nowymodel.org\/?s={search_term_string}"},"query-input":"required name=search_term_string"}],"inLanguage":"en-GB"},{"@type":"Person","@id":"https:\/\/nowymodel.org\/#\/schema\/person\/b58376a44a71b7ab64c9f5d83e7b037d","name":"emka","image":{"@type":"ImageObject","inLanguage":"en-GB","@id":"https:\/\/nowymodel.org\/#\/schema\/person\/image\/","url":"https:\/\/secure.gravatar.com\/avatar\/29564b7924fbb4fa3582526c5acd2dc5e7d5ad266d15e4e702fc81e6b994f35f?s=96&d=mm&r=g","contentUrl":"https:\/\/secure.gravatar.com\/avatar\/29564b7924fbb4fa3582526c5acd2dc5e7d5ad266d15e4e702fc81e6b994f35f?s=96&d=mm&r=g","caption":"emka"},"url":"https:\/\/nowymodel.org\/en\/author\/emka\/"}]}},"jetpack_featured_media_url":"","_links":{"self":[{"href":"https:\/\/nowymodel.org\/en\/wp-json\/wp\/v2\/posts\/12191","targetHints":{"allow":["GET"]}}],"collection":[{"href":"https:\/\/nowymodel.org\/en\/wp-json\/wp\/v2\/posts"}],"about":[{"href":"https:\/\/nowymodel.org\/en\/wp-json\/wp\/v2\/types\/post"}],"author":[{"embeddable":true,"href":"https:\/\/nowymodel.org\/en\/wp-json\/wp\/v2\/users\/2"}],"replies":[{"embeddable":true,"href":"https:\/\/nowymodel.org\/en\/wp-json\/wp\/v2\/comments?post=12191"}],"version-history":[{"count":3,"href":"https:\/\/nowymodel.org\/en\/wp-json\/wp\/v2\/posts\/12191\/revisions"}],"predecessor-version":[{"id":12198,"href":"https:\/\/nowymodel.org\/en\/wp-json\/wp\/v2\/posts\/12191\/revisions\/12198"}],"wp:attachment":[{"href":"https:\/\/nowymodel.org\/en\/wp-json\/wp\/v2\/media?parent=12191"}],"wp:term":[{"taxonomy":"category","embeddable":true,"href":"https:\/\/nowymodel.org\/en\/wp-json\/wp\/v2\/categories?post=12191"},{"taxonomy":"post_tag","embeddable":true,"href":"https:\/\/nowymodel.org\/en\/wp-json\/wp\/v2\/tags?post=12191"}],"curies":[{"name":"wp","href":"https:\/\/api.w.org\/{rel}","templated":true}]}}