{"id":12173,"date":"2014-02-14T14:49:46","date_gmt":"2014-02-14T13:49:46","guid":{"rendered":"https:\/\/nowymodel.org\/?p=12173"},"modified":"2022-04-15T14:57:34","modified_gmt":"2022-04-15T12:57:34","slug":"poznanskie-meble-ida-w-swiat","status":"publish","type":"post","link":"https:\/\/nowymodel.org\/en\/2014\/02\/14\/poznanskie-meble-ida-w-swiat\/","title":{"rendered":"nowymodel.org na arena DESIGN: wy\u017csza sztuka tworzenia czyli \u201eHand made\u201d\ufffc\ufffc\ufffc"},"content":{"rendered":"<p>Przygotowali\u015bmy dla Pa\u0144stwa tak\u017ce niespodziank\u0119 szczeg\u00f3ln\u0105 \u2013 happening \u201eHand made\u201d w wykonaniu aktor\u00f3w zwi\u0105zanych z firm\u0105\u00a0<a class=\"red_link\" href=\"http:\/\/www.labo.com.pl\/\" target=\"_blank\" rel=\"noopener\">Laboratorium<\/a>\u00a0i\u00a0<a class=\"red_link\" href=\"http:\/\/www.strefaciszy.com.pl\/\" target=\"_blank\" rel=\"noopener\">Teatrem Strefa Ciszy<\/a>.<\/p>\n<p>Aktorzy przeszli przez wiele teatralnych warsztat\u00f3w, a teraz warsztat zamieni\u0105 w teatraln\u0105 scen\u0119. Piotr Kami\u0144ski, Micha\u0142 S\u0142omka i Adam Wojda zaprosz\u0105 nas za kulisy swojej firmy i poka\u017c\u0105 na \u017cywo, jak si\u0119 robi\u2026 Nie mo\u017cemy powiedzie\u0107 co! Trzeba si\u0119 przekona\u0107 osobi\u015bcie. Wolno nam tylko zdradzi\u0107, \u017ce Pa\u0144stwo te\u017c b\u0119dziecie w tym mieli sw\u00f3j udzia\u0142.<\/p>\n<p>Wi\u0119kszo\u015b\u0107 przygotowanych przez nas wydarze\u0144 odb\u0119dzie si\u0119 w przestrzeni stoiska nr 1 w pawilonie pi\u0105tym, ale spotkamy si\u0119 z Pa\u0144stwem tak\u017ce na Forum arena DESIGN. Zapraszamy projektant\u00f3w, technolog\u00f3w, student\u00f3w, a tak\u017ce tych wszystkich, kt\u00f3rych polski design po prostu interesuje, kt\u00f3rzy chc\u0105 \u017cy\u0107 w \u015bwiecie funkcjonalnym, przyjaznym i \u0142adnym. Do zobaczenia!<\/p>\n<p>Happening odb\u0119dzie si\u0119 we wtorek, 18.02.2014 o godz. 11.45 i 14.30.<\/p>\n<p>Wej\u015bcie na nasze stoisko po zakupieniu biletu na arena DESIGN.<\/p>\n<p><a class=\"red_link\" href=\"http:\/\/nowymodel.bezkolejki.net\/Articles\/2470_2214_0_-1_aktualnosci\/6063_wydarzenia-przygotowane-przez-nowymodel-org-na-arena-design.aspx\" target=\"_blank\" rel=\"noopener\">Wydarzenia przygotowane przez nowymodel.org na arena DESIGN &gt;&gt;<\/a><\/p>\n<p>nowymodel.org na arena DESIGN &gt;&gt;<\/p>\n<div>\u00a0<\/div>\n<p>\u00a0<\/p>\n\n\n<figure class=\"wp-block-image size-full\"><img fetchpriority=\"high\" decoding=\"async\" width=\"960\" height=\"720\" src=\"https:\/\/nowymodel.org\/wp-content\/uploads\/2022\/04\/HandMade1.jpg\" alt=\"\" class=\"wp-image-12181\" srcset=\"https:\/\/nowymodel.org\/wp-content\/uploads\/2022\/04\/HandMade1.jpg 960w, https:\/\/nowymodel.org\/wp-content\/uploads\/2022\/04\/HandMade1-300x225.jpg 300w, https:\/\/nowymodel.org\/wp-content\/uploads\/2022\/04\/HandMade1-768x576.jpg 768w, https:\/\/nowymodel.org\/wp-content\/uploads\/2022\/04\/HandMade1-16x12.jpg 16w, https:\/\/nowymodel.org\/wp-content\/uploads\/2022\/04\/HandMade1-416x312.jpg 416w\" sizes=\"(max-width: 960px) 100vw, 960px\" \/><\/figure>","protected":false},"excerpt":{"rendered":"<p>Przygotowali\u015bmy dla Pa\u0144stwa tak\u017ce niespodziank\u0119 szczeg\u00f3ln\u0105 \u2013 happening \u201eHand made\u201d w wykonaniu aktor\u00f3w zwi\u0105zanych z firm\u0105\u00a0Laboratorium\u00a0i\u00a0Teatrem Strefa Ciszy. Aktorzy przeszli przez wiele teatralnych warsztat\u00f3w, a teraz warsztat zamieni\u0105 w teatraln\u0105 scen\u0119. Piotr Kami\u0144ski, Micha\u0142 S\u0142omka i Adam Wojda zaprosz\u0105 nas za kulisy swojej firmy i poka\u017c\u0105 na \u017cywo, jak si\u0119 robi\u2026 Nie mo\u017cemy powiedzie\u0107 co! [&hellip;]<\/p>\n","protected":false},"author":2,"featured_media":0,"comment_status":"closed","ping_status":"closed","sticky":false,"template":"","format":"standard","meta":{"footnotes":""},"categories":[39],"tags":[40,71,87,42,61],"class_list":["post-12173","post","type-post","status-publish","format-standard","hentry","category-aktualnosci","tag-design","tag-locosystem","tag-organicsystem","tag-polski-design","tag-polski-dizajn"],"yoast_head":"<!-- This site is optimized with the Yoast SEO plugin v22.4 - https:\/\/yoast.com\/wordpress\/plugins\/seo\/ -->\n<title>nowymodel.org na arena DESIGN: wy\u017csza sztuka tworzenia czyli \u201eHand made\u201d\ufffc\ufffc\ufffc - nowymodel.org<\/title>\n<meta name=\"robots\" content=\"index, follow, max-snippet:-1, max-image-preview:large, max-video-preview:-1\" \/>\n<link rel=\"canonical\" href=\"https:\/\/nowymodel.org\/en\/2014\/02\/14\/poznanskie-meble-ida-w-swiat\/\" \/>\n<meta property=\"og:locale\" content=\"en_GB\" \/>\n<meta property=\"og:type\" content=\"article\" \/>\n<meta property=\"og:title\" content=\"nowymodel.org na arena DESIGN: wy\u017csza sztuka tworzenia czyli \u201eHand made\u201d\ufffc\ufffc\ufffc - nowymodel.org\" \/>\n<meta property=\"og:description\" content=\"Przygotowali\u015bmy dla Pa\u0144stwa tak\u017ce niespodziank\u0119 szczeg\u00f3ln\u0105 \u2013 happening \u201eHand made\u201d w wykonaniu aktor\u00f3w zwi\u0105zanych z firm\u0105\u00a0Laboratorium\u00a0i\u00a0Teatrem Strefa Ciszy. Aktorzy przeszli przez wiele teatralnych warsztat\u00f3w, a teraz warsztat zamieni\u0105 w teatraln\u0105 scen\u0119. Piotr Kami\u0144ski, Micha\u0142 S\u0142omka i Adam Wojda zaprosz\u0105 nas za kulisy swojej firmy i poka\u017c\u0105 na \u017cywo, jak si\u0119 robi\u2026 Nie mo\u017cemy powiedzie\u0107 co! [&hellip;]\" \/>\n<meta property=\"og:url\" content=\"https:\/\/nowymodel.org\/en\/2014\/02\/14\/poznanskie-meble-ida-w-swiat\/\" \/>\n<meta property=\"og:site_name\" content=\"nowymodel.org\" \/>\n<meta property=\"article:published_time\" content=\"2014-02-14T13:49:46+00:00\" \/>\n<meta property=\"article:modified_time\" content=\"2022-04-15T12:57:34+00:00\" \/>\n<meta property=\"og:image\" content=\"https:\/\/nowymodel.org\/wp-content\/uploads\/2022\/04\/HandMade1.jpg\" \/>\n<meta name=\"author\" content=\"emka\" \/>\n<meta name=\"twitter:card\" content=\"summary_large_image\" \/>\n<meta name=\"twitter:label1\" content=\"Written by\" \/>\n\t<meta name=\"twitter:data1\" content=\"emka\" \/>\n\t<meta name=\"twitter:label2\" content=\"Estimated reading time\" \/>\n\t<meta name=\"twitter:data2\" content=\"1 minute\" \/>\n<script type=\"application\/ld+json\" class=\"yoast-schema-graph\">{\"@context\":\"https:\/\/schema.org\",\"@graph\":[{\"@type\":\"WebPage\",\"@id\":\"https:\/\/nowymodel.org\/2014\/02\/14\/poznanskie-meble-ida-w-swiat\/\",\"url\":\"https:\/\/nowymodel.org\/2014\/02\/14\/poznanskie-meble-ida-w-swiat\/\",\"name\":\"nowymodel.org na arena DESIGN: wy\u017csza sztuka tworzenia czyli \u201eHand made\u201d\ufffc\ufffc\ufffc - nowymodel.org\",\"isPartOf\":{\"@id\":\"https:\/\/nowymodel.org\/#website\"},\"primaryImageOfPage\":{\"@id\":\"https:\/\/nowymodel.org\/2014\/02\/14\/poznanskie-meble-ida-w-swiat\/#primaryimage\"},\"image\":{\"@id\":\"https:\/\/nowymodel.org\/2014\/02\/14\/poznanskie-meble-ida-w-swiat\/#primaryimage\"},\"thumbnailUrl\":\"https:\/\/nowymodel.org\/wp-content\/uploads\/2022\/04\/HandMade1.jpg\",\"datePublished\":\"2014-02-14T13:49:46+00:00\",\"dateModified\":\"2022-04-15T12:57:34+00:00\",\"author\":{\"@id\":\"https:\/\/nowymodel.org\/#\/schema\/person\/b58376a44a71b7ab64c9f5d83e7b037d\"},\"inLanguage\":\"en-GB\",\"potentialAction\":[{\"@type\":\"ReadAction\",\"target\":[\"https:\/\/nowymodel.org\/2014\/02\/14\/poznanskie-meble-ida-w-swiat\/\"]}]},{\"@type\":\"ImageObject\",\"inLanguage\":\"en-GB\",\"@id\":\"https:\/\/nowymodel.org\/2014\/02\/14\/poznanskie-meble-ida-w-swiat\/#primaryimage\",\"url\":\"https:\/\/nowymodel.org\/wp-content\/uploads\/2022\/04\/HandMade1.jpg\",\"contentUrl\":\"https:\/\/nowymodel.org\/wp-content\/uploads\/2022\/04\/HandMade1.jpg\"},{\"@type\":\"WebSite\",\"@id\":\"https:\/\/nowymodel.org\/#website\",\"url\":\"https:\/\/nowymodel.org\/\",\"name\":\"nowymodel.org\",\"description\":\"\",\"potentialAction\":[{\"@type\":\"SearchAction\",\"target\":{\"@type\":\"EntryPoint\",\"urlTemplate\":\"https:\/\/nowymodel.org\/?s={search_term_string}\"},\"query-input\":\"required name=search_term_string\"}],\"inLanguage\":\"en-GB\"},{\"@type\":\"Person\",\"@id\":\"https:\/\/nowymodel.org\/#\/schema\/person\/b58376a44a71b7ab64c9f5d83e7b037d\",\"name\":\"emka\",\"image\":{\"@type\":\"ImageObject\",\"inLanguage\":\"en-GB\",\"@id\":\"https:\/\/nowymodel.org\/#\/schema\/person\/image\/\",\"url\":\"https:\/\/secure.gravatar.com\/avatar\/29564b7924fbb4fa3582526c5acd2dc5e7d5ad266d15e4e702fc81e6b994f35f?s=96&d=mm&r=g\",\"contentUrl\":\"https:\/\/secure.gravatar.com\/avatar\/29564b7924fbb4fa3582526c5acd2dc5e7d5ad266d15e4e702fc81e6b994f35f?s=96&d=mm&r=g\",\"caption\":\"emka\"},\"url\":\"https:\/\/nowymodel.org\/en\/author\/emka\/\"}]}<\/script>\n<!-- \/ Yoast SEO plugin. -->","yoast_head_json":{"title":"nowymodel.org na arena DESIGN: wy\u017csza sztuka tworzenia czyli \u201eHand made\u201d\ufffc\ufffc\ufffc - nowymodel.org","robots":{"index":"index","follow":"follow","max-snippet":"max-snippet:-1","max-image-preview":"max-image-preview:large","max-video-preview":"max-video-preview:-1"},"canonical":"https:\/\/nowymodel.org\/en\/2014\/02\/14\/poznanskie-meble-ida-w-swiat\/","og_locale":"en_GB","og_type":"article","og_title":"nowymodel.org na arena DESIGN: wy\u017csza sztuka tworzenia czyli \u201eHand made\u201d\ufffc\ufffc\ufffc - nowymodel.org","og_description":"Przygotowali\u015bmy dla Pa\u0144stwa tak\u017ce niespodziank\u0119 szczeg\u00f3ln\u0105 \u2013 happening \u201eHand made\u201d w wykonaniu aktor\u00f3w zwi\u0105zanych z firm\u0105\u00a0Laboratorium\u00a0i\u00a0Teatrem Strefa Ciszy. Aktorzy przeszli przez wiele teatralnych warsztat\u00f3w, a teraz warsztat zamieni\u0105 w teatraln\u0105 scen\u0119. Piotr Kami\u0144ski, Micha\u0142 S\u0142omka i Adam Wojda zaprosz\u0105 nas za kulisy swojej firmy i poka\u017c\u0105 na \u017cywo, jak si\u0119 robi\u2026 Nie mo\u017cemy powiedzie\u0107 co! [&hellip;]","og_url":"https:\/\/nowymodel.org\/en\/2014\/02\/14\/poznanskie-meble-ida-w-swiat\/","og_site_name":"nowymodel.org","article_published_time":"2014-02-14T13:49:46+00:00","article_modified_time":"2022-04-15T12:57:34+00:00","og_image":[{"url":"https:\/\/nowymodel.org\/wp-content\/uploads\/2022\/04\/HandMade1.jpg"}],"author":"emka","twitter_card":"summary_large_image","twitter_misc":{"Written by":"emka","Estimated reading time":"1 minute"},"schema":{"@context":"https:\/\/schema.org","@graph":[{"@type":"WebPage","@id":"https:\/\/nowymodel.org\/2014\/02\/14\/poznanskie-meble-ida-w-swiat\/","url":"https:\/\/nowymodel.org\/2014\/02\/14\/poznanskie-meble-ida-w-swiat\/","name":"nowymodel.org na arena DESIGN: wy\u017csza sztuka tworzenia czyli \u201eHand made\u201d\ufffc\ufffc\ufffc - nowymodel.org","isPartOf":{"@id":"https:\/\/nowymodel.org\/#website"},"primaryImageOfPage":{"@id":"https:\/\/nowymodel.org\/2014\/02\/14\/poznanskie-meble-ida-w-swiat\/#primaryimage"},"image":{"@id":"https:\/\/nowymodel.org\/2014\/02\/14\/poznanskie-meble-ida-w-swiat\/#primaryimage"},"thumbnailUrl":"https:\/\/nowymodel.org\/wp-content\/uploads\/2022\/04\/HandMade1.jpg","datePublished":"2014-02-14T13:49:46+00:00","dateModified":"2022-04-15T12:57:34+00:00","author":{"@id":"https:\/\/nowymodel.org\/#\/schema\/person\/b58376a44a71b7ab64c9f5d83e7b037d"},"inLanguage":"en-GB","potentialAction":[{"@type":"ReadAction","target":["https:\/\/nowymodel.org\/2014\/02\/14\/poznanskie-meble-ida-w-swiat\/"]}]},{"@type":"ImageObject","inLanguage":"en-GB","@id":"https:\/\/nowymodel.org\/2014\/02\/14\/poznanskie-meble-ida-w-swiat\/#primaryimage","url":"https:\/\/nowymodel.org\/wp-content\/uploads\/2022\/04\/HandMade1.jpg","contentUrl":"https:\/\/nowymodel.org\/wp-content\/uploads\/2022\/04\/HandMade1.jpg"},{"@type":"WebSite","@id":"https:\/\/nowymodel.org\/#website","url":"https:\/\/nowymodel.org\/","name":"nowymodel.org","description":"","potentialAction":[{"@type":"SearchAction","target":{"@type":"EntryPoint","urlTemplate":"https:\/\/nowymodel.org\/?s={search_term_string}"},"query-input":"required name=search_term_string"}],"inLanguage":"en-GB"},{"@type":"Person","@id":"https:\/\/nowymodel.org\/#\/schema\/person\/b58376a44a71b7ab64c9f5d83e7b037d","name":"emka","image":{"@type":"ImageObject","inLanguage":"en-GB","@id":"https:\/\/nowymodel.org\/#\/schema\/person\/image\/","url":"https:\/\/secure.gravatar.com\/avatar\/29564b7924fbb4fa3582526c5acd2dc5e7d5ad266d15e4e702fc81e6b994f35f?s=96&d=mm&r=g","contentUrl":"https:\/\/secure.gravatar.com\/avatar\/29564b7924fbb4fa3582526c5acd2dc5e7d5ad266d15e4e702fc81e6b994f35f?s=96&d=mm&r=g","caption":"emka"},"url":"https:\/\/nowymodel.org\/en\/author\/emka\/"}]}},"jetpack_featured_media_url":"","_links":{"self":[{"href":"https:\/\/nowymodel.org\/en\/wp-json\/wp\/v2\/posts\/12173","targetHints":{"allow":["GET"]}}],"collection":[{"href":"https:\/\/nowymodel.org\/en\/wp-json\/wp\/v2\/posts"}],"about":[{"href":"https:\/\/nowymodel.org\/en\/wp-json\/wp\/v2\/types\/post"}],"author":[{"embeddable":true,"href":"https:\/\/nowymodel.org\/en\/wp-json\/wp\/v2\/users\/2"}],"replies":[{"embeddable":true,"href":"https:\/\/nowymodel.org\/en\/wp-json\/wp\/v2\/comments?post=12173"}],"version-history":[{"count":4,"href":"https:\/\/nowymodel.org\/en\/wp-json\/wp\/v2\/posts\/12173\/revisions"}],"predecessor-version":[{"id":12182,"href":"https:\/\/nowymodel.org\/en\/wp-json\/wp\/v2\/posts\/12173\/revisions\/12182"}],"wp:attachment":[{"href":"https:\/\/nowymodel.org\/en\/wp-json\/wp\/v2\/media?parent=12173"}],"wp:term":[{"taxonomy":"category","embeddable":true,"href":"https:\/\/nowymodel.org\/en\/wp-json\/wp\/v2\/categories?post=12173"},{"taxonomy":"post_tag","embeddable":true,"href":"https:\/\/nowymodel.org\/en\/wp-json\/wp\/v2\/tags?post=12173"}],"curies":[{"name":"wp","href":"https:\/\/api.w.org\/{rel}","templated":true}]}}