{"id":12054,"date":"2013-11-18T12:39:40","date_gmt":"2013-11-18T11:39:40","guid":{"rendered":"https:\/\/nowymodel.org\/?p=12054"},"modified":"2022-04-15T12:44:15","modified_gmt":"2022-04-15T10:44:15","slug":"designerskie-odkrycie-roku-2013-regal-o-zmiennych-wysokosciach","status":"publish","type":"post","link":"https:\/\/nowymodel.org\/en\/2013\/11\/18\/designerskie-odkrycie-roku-2013-regal-o-zmiennych-wysokosciach\/","title":{"rendered":"Designerskie odkrycie roku 2013 REGA\u0141 O ZMIENNYCH WYSOKO\u015aCIACH"},"content":{"rendered":"<p>Czy to mo\u017cliwe, \u017ceby taki mebel powsta\u0142 prawie 60 lat temu? Tak, bo wyszed\u0142 spod r\u0119ki mistrza, wizjonera wzornictwa, Rajmunda Teofila Ha\u0142asa.<\/p>\n<p>REGA\u0141 O ZMIENNYCH WYSOKO\u015aCIACH\u00a0zaprojektowany w 1959 r. po raz pierwszy do kupienia. Zapraszamy do salonu internetowego www.nowymodel.org. \u0141atwy do samodzielnego monta\u017cu, pozostawiaj\u0105cy wyobra\u017ani u\u017cytkownika pole do nadania mu ostatecznego rozmiaru i kszta\u0142tu, dopasowuj\u0105cy si\u0119 do rozmiar\u00f3w i stylu wn\u0119trza, nowatorski w konstrukcji i ekologiczny.<\/p>\n<p>Dzi\u0119kujemy kawiarni Taczaka 20 w Poznaniu za udost\u0119pnienie wn\u0119trz do sesji zdj\u0119ciowej.<\/p>\n<p>\u00a0<\/p>\n\n\n<div class=\"wp-block-jetpack-tiled-gallery aligncenter is-style-rectangular\"><div class=\"tiled-gallery__gallery\"><div class=\"tiled-gallery__row\"><div class=\"tiled-gallery__col\" style=\"flex-basis:37.24736%\"><figure class=\"tiled-gallery__item\"><img decoding=\"async\" srcset=\"https:\/\/i0.wp.com\/nowymodel.org\/wp-content\/uploads\/2022\/04\/regal_o_zmiennych_wysokosciach_halas_3.jpg?strip=info&#038;w=600&#038;ssl=1 600w,https:\/\/i0.wp.com\/nowymodel.org\/wp-content\/uploads\/2022\/04\/regal_o_zmiennych_wysokosciach_halas_3.jpg?strip=info&#038;w=709&#038;ssl=1 709w\" alt=\"\" data-height=\"586\" data-id=\"12055\" data-link=\"https:\/\/nowymodel.org\/?attachment_id=12055\" data-url=\"https:\/\/nowymodel.org\/wp-content\/uploads\/2022\/04\/regal_o_zmiennych_wysokosciach_halas_3.jpg\" data-width=\"709\" src=\"https:\/\/i0.wp.com\/nowymodel.org\/wp-content\/uploads\/2022\/04\/regal_o_zmiennych_wysokosciach_halas_3.jpg?ssl=1\" data-amp-layout=\"responsive\"\/><\/figure><\/div><div class=\"tiled-gallery__col\" style=\"flex-basis:20.60269%\"><figure class=\"tiled-gallery__item\"><img decoding=\"async\" srcset=\"https:\/\/i2.wp.com\/nowymodel.org\/wp-content\/uploads\/2022\/04\/regal_o_zmiennych_wysokosciach_halas_10.jpg?strip=info&#038;w=434&#038;ssl=1 434w\" alt=\"\" data-height=\"650\" data-id=\"12056\" data-link=\"https:\/\/nowymodel.org\/?attachment_id=12056\" data-url=\"https:\/\/nowymodel.org\/wp-content\/uploads\/2022\/04\/regal_o_zmiennych_wysokosciach_halas_10.jpg\" data-width=\"434\" src=\"https:\/\/i2.wp.com\/nowymodel.org\/wp-content\/uploads\/2022\/04\/regal_o_zmiennych_wysokosciach_halas_10.jpg?ssl=1\" data-amp-layout=\"responsive\"\/><\/figure><\/div><div class=\"tiled-gallery__col\" style=\"flex-basis:20.60269%\"><figure class=\"tiled-gallery__item\"><img decoding=\"async\" srcset=\"https:\/\/i0.wp.com\/nowymodel.org\/wp-content\/uploads\/2022\/04\/regal_o_zmiennych_wysokosciach_halas_20.jpg?strip=info&#038;w=434&#038;ssl=1 434w\" alt=\"\" data-height=\"650\" data-id=\"12057\" data-link=\"https:\/\/nowymodel.org\/?attachment_id=12057\" data-url=\"https:\/\/nowymodel.org\/wp-content\/uploads\/2022\/04\/regal_o_zmiennych_wysokosciach_halas_20.jpg\" data-width=\"434\" src=\"https:\/\/i0.wp.com\/nowymodel.org\/wp-content\/uploads\/2022\/04\/regal_o_zmiennych_wysokosciach_halas_20.jpg?ssl=1\" data-amp-layout=\"responsive\"\/><\/figure><\/div><div class=\"tiled-gallery__col\" style=\"flex-basis:21.54725%\"><figure class=\"tiled-gallery__item\"><img decoding=\"async\" srcset=\"https:\/\/i2.wp.com\/nowymodel.org\/wp-content\/uploads\/2022\/04\/regal_o_zmiennych_wysokosciach_halas_40.jpg?strip=info&#038;w=454&#038;ssl=1 454w\" alt=\"\" data-height=\"650\" data-id=\"12059\" data-link=\"https:\/\/nowymodel.org\/?attachment_id=12059\" data-url=\"https:\/\/nowymodel.org\/wp-content\/uploads\/2022\/04\/regal_o_zmiennych_wysokosciach_halas_40.jpg\" data-width=\"454\" src=\"https:\/\/i2.wp.com\/nowymodel.org\/wp-content\/uploads\/2022\/04\/regal_o_zmiennych_wysokosciach_halas_40.jpg?ssl=1\" data-amp-layout=\"responsive\"\/><\/figure><\/div><\/div><\/div><\/div>","protected":false},"excerpt":{"rendered":"<p>Czy to mo\u017cliwe, \u017ceby taki mebel powsta\u0142 prawie 60 lat temu? Tak, bo wyszed\u0142 spod r\u0119ki mistrza, wizjonera wzornictwa, Rajmunda Teofila Ha\u0142asa. REGA\u0141 O ZMIENNYCH WYSOKO\u015aCIACH\u00a0zaprojektowany w 1959 r. po raz pierwszy do kupienia. Zapraszamy do salonu internetowego www.nowymodel.org. \u0141atwy do samodzielnego monta\u017cu, pozostawiaj\u0105cy wyobra\u017ani u\u017cytkownika pole do nadania mu ostatecznego rozmiaru i kszta\u0142tu, dopasowuj\u0105cy [&hellip;]<\/p>\n","protected":false},"author":2,"featured_media":0,"comment_status":"closed","ping_status":"closed","sticky":false,"template":"","format":"standard","meta":{"footnotes":""},"categories":[39],"tags":[40,71,87,42,61],"class_list":["post-12054","post","type-post","status-publish","format-standard","hentry","category-aktualnosci","tag-design","tag-locosystem","tag-organicsystem","tag-polski-design","tag-polski-dizajn"],"yoast_head":"<!-- This site is optimized with the Yoast SEO plugin v22.4 - https:\/\/yoast.com\/wordpress\/plugins\/seo\/ -->\n<title>Designerskie odkrycie roku 2013 REGA\u0141 O ZMIENNYCH WYSOKO\u015aCIACH - nowymodel.org<\/title>\n<meta name=\"robots\" content=\"index, follow, max-snippet:-1, max-image-preview:large, max-video-preview:-1\" \/>\n<link rel=\"canonical\" href=\"https:\/\/nowymodel.org\/en\/2013\/11\/18\/designerskie-odkrycie-roku-2013-regal-o-zmiennych-wysokosciach\/\" \/>\n<meta property=\"og:locale\" content=\"en_GB\" \/>\n<meta property=\"og:type\" content=\"article\" \/>\n<meta property=\"og:title\" content=\"Designerskie odkrycie roku 2013 REGA\u0141 O ZMIENNYCH WYSOKO\u015aCIACH - nowymodel.org\" \/>\n<meta property=\"og:description\" content=\"Czy to mo\u017cliwe, \u017ceby taki mebel powsta\u0142 prawie 60 lat temu? Tak, bo wyszed\u0142 spod r\u0119ki mistrza, wizjonera wzornictwa, Rajmunda Teofila Ha\u0142asa. REGA\u0141 O ZMIENNYCH WYSOKO\u015aCIACH\u00a0zaprojektowany w 1959 r. po raz pierwszy do kupienia. Zapraszamy do salonu internetowego www.nowymodel.org. \u0141atwy do samodzielnego monta\u017cu, pozostawiaj\u0105cy wyobra\u017ani u\u017cytkownika pole do nadania mu ostatecznego rozmiaru i kszta\u0142tu, dopasowuj\u0105cy [&hellip;]\" \/>\n<meta property=\"og:url\" content=\"https:\/\/nowymodel.org\/en\/2013\/11\/18\/designerskie-odkrycie-roku-2013-regal-o-zmiennych-wysokosciach\/\" \/>\n<meta property=\"og:site_name\" content=\"nowymodel.org\" \/>\n<meta property=\"article:published_time\" content=\"2013-11-18T11:39:40+00:00\" \/>\n<meta property=\"article:modified_time\" content=\"2022-04-15T10:44:15+00:00\" \/>\n<meta property=\"og:image\" content=\"https:\/\/i0.wp.com\/nowymodel.org\/wp-content\/uploads\/2022\/04\/regal_o_zmiennych_wysokosciach_halas_3.jpg?ssl=1\" \/>\n<meta name=\"author\" content=\"emka\" \/>\n<meta name=\"twitter:card\" content=\"summary_large_image\" \/>\n<meta name=\"twitter:label1\" content=\"Written by\" \/>\n\t<meta name=\"twitter:data1\" content=\"emka\" \/>\n<script type=\"application\/ld+json\" class=\"yoast-schema-graph\">{\"@context\":\"https:\/\/schema.org\",\"@graph\":[{\"@type\":\"WebPage\",\"@id\":\"https:\/\/nowymodel.org\/2013\/11\/18\/designerskie-odkrycie-roku-2013-regal-o-zmiennych-wysokosciach\/\",\"url\":\"https:\/\/nowymodel.org\/2013\/11\/18\/designerskie-odkrycie-roku-2013-regal-o-zmiennych-wysokosciach\/\",\"name\":\"Designerskie odkrycie roku 2013 REGA\u0141 O ZMIENNYCH WYSOKO\u015aCIACH - nowymodel.org\",\"isPartOf\":{\"@id\":\"https:\/\/nowymodel.org\/#website\"},\"primaryImageOfPage\":{\"@id\":\"https:\/\/nowymodel.org\/2013\/11\/18\/designerskie-odkrycie-roku-2013-regal-o-zmiennych-wysokosciach\/#primaryimage\"},\"image\":{\"@id\":\"https:\/\/nowymodel.org\/2013\/11\/18\/designerskie-odkrycie-roku-2013-regal-o-zmiennych-wysokosciach\/#primaryimage\"},\"thumbnailUrl\":\"https:\/\/i0.wp.com\/nowymodel.org\/wp-content\/uploads\/2022\/04\/regal_o_zmiennych_wysokosciach_halas_3.jpg?ssl=1\",\"datePublished\":\"2013-11-18T11:39:40+00:00\",\"dateModified\":\"2022-04-15T10:44:15+00:00\",\"author\":{\"@id\":\"https:\/\/nowymodel.org\/#\/schema\/person\/b58376a44a71b7ab64c9f5d83e7b037d\"},\"inLanguage\":\"en-GB\",\"potentialAction\":[{\"@type\":\"ReadAction\",\"target\":[\"https:\/\/nowymodel.org\/2013\/11\/18\/designerskie-odkrycie-roku-2013-regal-o-zmiennych-wysokosciach\/\"]}]},{\"@type\":\"ImageObject\",\"inLanguage\":\"en-GB\",\"@id\":\"https:\/\/nowymodel.org\/2013\/11\/18\/designerskie-odkrycie-roku-2013-regal-o-zmiennych-wysokosciach\/#primaryimage\",\"url\":\"https:\/\/i0.wp.com\/nowymodel.org\/wp-content\/uploads\/2022\/04\/regal_o_zmiennych_wysokosciach_halas_3.jpg?ssl=1\",\"contentUrl\":\"https:\/\/i0.wp.com\/nowymodel.org\/wp-content\/uploads\/2022\/04\/regal_o_zmiennych_wysokosciach_halas_3.jpg?ssl=1\"},{\"@type\":\"WebSite\",\"@id\":\"https:\/\/nowymodel.org\/#website\",\"url\":\"https:\/\/nowymodel.org\/\",\"name\":\"nowymodel.org\",\"description\":\"\",\"potentialAction\":[{\"@type\":\"SearchAction\",\"target\":{\"@type\":\"EntryPoint\",\"urlTemplate\":\"https:\/\/nowymodel.org\/?s={search_term_string}\"},\"query-input\":\"required name=search_term_string\"}],\"inLanguage\":\"en-GB\"},{\"@type\":\"Person\",\"@id\":\"https:\/\/nowymodel.org\/#\/schema\/person\/b58376a44a71b7ab64c9f5d83e7b037d\",\"name\":\"emka\",\"image\":{\"@type\":\"ImageObject\",\"inLanguage\":\"en-GB\",\"@id\":\"https:\/\/nowymodel.org\/#\/schema\/person\/image\/\",\"url\":\"https:\/\/secure.gravatar.com\/avatar\/29564b7924fbb4fa3582526c5acd2dc5e7d5ad266d15e4e702fc81e6b994f35f?s=96&d=mm&r=g\",\"contentUrl\":\"https:\/\/secure.gravatar.com\/avatar\/29564b7924fbb4fa3582526c5acd2dc5e7d5ad266d15e4e702fc81e6b994f35f?s=96&d=mm&r=g\",\"caption\":\"emka\"},\"url\":\"https:\/\/nowymodel.org\/en\/author\/emka\/\"}]}<\/script>\n<!-- \/ Yoast SEO plugin. -->","yoast_head_json":{"title":"Designerskie odkrycie roku 2013 REGA\u0141 O ZMIENNYCH WYSOKO\u015aCIACH - nowymodel.org","robots":{"index":"index","follow":"follow","max-snippet":"max-snippet:-1","max-image-preview":"max-image-preview:large","max-video-preview":"max-video-preview:-1"},"canonical":"https:\/\/nowymodel.org\/en\/2013\/11\/18\/designerskie-odkrycie-roku-2013-regal-o-zmiennych-wysokosciach\/","og_locale":"en_GB","og_type":"article","og_title":"Designerskie odkrycie roku 2013 REGA\u0141 O ZMIENNYCH WYSOKO\u015aCIACH - nowymodel.org","og_description":"Czy to mo\u017cliwe, \u017ceby taki mebel powsta\u0142 prawie 60 lat temu? Tak, bo wyszed\u0142 spod r\u0119ki mistrza, wizjonera wzornictwa, Rajmunda Teofila Ha\u0142asa. REGA\u0141 O ZMIENNYCH WYSOKO\u015aCIACH\u00a0zaprojektowany w 1959 r. po raz pierwszy do kupienia. Zapraszamy do salonu internetowego www.nowymodel.org. \u0141atwy do samodzielnego monta\u017cu, pozostawiaj\u0105cy wyobra\u017ani u\u017cytkownika pole do nadania mu ostatecznego rozmiaru i kszta\u0142tu, dopasowuj\u0105cy [&hellip;]","og_url":"https:\/\/nowymodel.org\/en\/2013\/11\/18\/designerskie-odkrycie-roku-2013-regal-o-zmiennych-wysokosciach\/","og_site_name":"nowymodel.org","article_published_time":"2013-11-18T11:39:40+00:00","article_modified_time":"2022-04-15T10:44:15+00:00","og_image":[{"url":"https:\/\/i0.wp.com\/nowymodel.org\/wp-content\/uploads\/2022\/04\/regal_o_zmiennych_wysokosciach_halas_3.jpg?ssl=1"}],"author":"emka","twitter_card":"summary_large_image","twitter_misc":{"Written by":"emka"},"schema":{"@context":"https:\/\/schema.org","@graph":[{"@type":"WebPage","@id":"https:\/\/nowymodel.org\/2013\/11\/18\/designerskie-odkrycie-roku-2013-regal-o-zmiennych-wysokosciach\/","url":"https:\/\/nowymodel.org\/2013\/11\/18\/designerskie-odkrycie-roku-2013-regal-o-zmiennych-wysokosciach\/","name":"Designerskie odkrycie roku 2013 REGA\u0141 O ZMIENNYCH WYSOKO\u015aCIACH - nowymodel.org","isPartOf":{"@id":"https:\/\/nowymodel.org\/#website"},"primaryImageOfPage":{"@id":"https:\/\/nowymodel.org\/2013\/11\/18\/designerskie-odkrycie-roku-2013-regal-o-zmiennych-wysokosciach\/#primaryimage"},"image":{"@id":"https:\/\/nowymodel.org\/2013\/11\/18\/designerskie-odkrycie-roku-2013-regal-o-zmiennych-wysokosciach\/#primaryimage"},"thumbnailUrl":"https:\/\/i0.wp.com\/nowymodel.org\/wp-content\/uploads\/2022\/04\/regal_o_zmiennych_wysokosciach_halas_3.jpg?ssl=1","datePublished":"2013-11-18T11:39:40+00:00","dateModified":"2022-04-15T10:44:15+00:00","author":{"@id":"https:\/\/nowymodel.org\/#\/schema\/person\/b58376a44a71b7ab64c9f5d83e7b037d"},"inLanguage":"en-GB","potentialAction":[{"@type":"ReadAction","target":["https:\/\/nowymodel.org\/2013\/11\/18\/designerskie-odkrycie-roku-2013-regal-o-zmiennych-wysokosciach\/"]}]},{"@type":"ImageObject","inLanguage":"en-GB","@id":"https:\/\/nowymodel.org\/2013\/11\/18\/designerskie-odkrycie-roku-2013-regal-o-zmiennych-wysokosciach\/#primaryimage","url":"https:\/\/i0.wp.com\/nowymodel.org\/wp-content\/uploads\/2022\/04\/regal_o_zmiennych_wysokosciach_halas_3.jpg?ssl=1","contentUrl":"https:\/\/i0.wp.com\/nowymodel.org\/wp-content\/uploads\/2022\/04\/regal_o_zmiennych_wysokosciach_halas_3.jpg?ssl=1"},{"@type":"WebSite","@id":"https:\/\/nowymodel.org\/#website","url":"https:\/\/nowymodel.org\/","name":"nowymodel.org","description":"","potentialAction":[{"@type":"SearchAction","target":{"@type":"EntryPoint","urlTemplate":"https:\/\/nowymodel.org\/?s={search_term_string}"},"query-input":"required name=search_term_string"}],"inLanguage":"en-GB"},{"@type":"Person","@id":"https:\/\/nowymodel.org\/#\/schema\/person\/b58376a44a71b7ab64c9f5d83e7b037d","name":"emka","image":{"@type":"ImageObject","inLanguage":"en-GB","@id":"https:\/\/nowymodel.org\/#\/schema\/person\/image\/","url":"https:\/\/secure.gravatar.com\/avatar\/29564b7924fbb4fa3582526c5acd2dc5e7d5ad266d15e4e702fc81e6b994f35f?s=96&d=mm&r=g","contentUrl":"https:\/\/secure.gravatar.com\/avatar\/29564b7924fbb4fa3582526c5acd2dc5e7d5ad266d15e4e702fc81e6b994f35f?s=96&d=mm&r=g","caption":"emka"},"url":"https:\/\/nowymodel.org\/en\/author\/emka\/"}]}},"jetpack_featured_media_url":"","_links":{"self":[{"href":"https:\/\/nowymodel.org\/en\/wp-json\/wp\/v2\/posts\/12054","targetHints":{"allow":["GET"]}}],"collection":[{"href":"https:\/\/nowymodel.org\/en\/wp-json\/wp\/v2\/posts"}],"about":[{"href":"https:\/\/nowymodel.org\/en\/wp-json\/wp\/v2\/types\/post"}],"author":[{"embeddable":true,"href":"https:\/\/nowymodel.org\/en\/wp-json\/wp\/v2\/users\/2"}],"replies":[{"embeddable":true,"href":"https:\/\/nowymodel.org\/en\/wp-json\/wp\/v2\/comments?post=12054"}],"version-history":[{"count":6,"href":"https:\/\/nowymodel.org\/en\/wp-json\/wp\/v2\/posts\/12054\/revisions"}],"predecessor-version":[{"id":12064,"href":"https:\/\/nowymodel.org\/en\/wp-json\/wp\/v2\/posts\/12054\/revisions\/12064"}],"wp:attachment":[{"href":"https:\/\/nowymodel.org\/en\/wp-json\/wp\/v2\/media?parent=12054"}],"wp:term":[{"taxonomy":"category","embeddable":true,"href":"https:\/\/nowymodel.org\/en\/wp-json\/wp\/v2\/categories?post=12054"},{"taxonomy":"post_tag","embeddable":true,"href":"https:\/\/nowymodel.org\/en\/wp-json\/wp\/v2\/tags?post=12054"}],"curies":[{"name":"wp","href":"https:\/\/api.w.org\/{rel}","templated":true}]}}