{"id":11912,"date":"2013-09-05T11:16:25","date_gmt":"2013-09-05T09:16:25","guid":{"rendered":"https:\/\/nowymodel.org\/?p=11912"},"modified":"2022-04-15T11:23:22","modified_gmt":"2022-04-15T09:23:22","slug":"zapraszamy-na-wystawe-wielkopolska-tradycja-wzornictwa-meblowego","status":"publish","type":"post","link":"https:\/\/nowymodel.org\/en\/2013\/09\/05\/zapraszamy-na-wystawe-wielkopolska-tradycja-wzornictwa-meblowego\/","title":{"rendered":"Zapraszamy na wystaw\u0119 \u201eWielkopolska tradycja wzornictwa meblowego\u201d"},"content":{"rendered":"<p class=\"blue bold\">\u201eWielkopolska tradycja wzornictwa meblowego\u201d<\/p>\n<p class=\"bold\">organizatorzy: Fundacja UAP Katedra Mebla UAP<\/p>\n<p class=\"bold\">partner: nowymodel.org<\/p>\n<p class=\"bold\">sponsorzy: TFP Sp. z o.o.<\/p>\n<p class=\"bold\">miejsce: Wawa Design Festiwal Warszawa 7-15.09.2013 SOHO FACTORY<\/p>\n<p class=\"bold\">program wystawy: <a class=\"blue\" title=\"Program Wystawy\" href=\"http:\/\/wawadesign.eu\/program\/wystawy\/\" target=\"_blank\" rel=\"nofollow noopener\">http:\/\/wawadesign.eu\/program\/wystawy\/<\/a><\/p>\n<p>Historia przedmiot\u00f3w to tak\u017ce opowie\u015b\u0107 o ich tw\u00f3rcach i miejscu, w kt\u00f3rym powsta\u0142y. Wystawa przygotowana przez Katedr\u0119 Mebla Uniwersytetu Artystycznego w Poznaniu i Fundacj\u0119 UAP daje wgl\u0105d w opowie\u015b\u0107 na temat wielkopolskich tradycji zwi\u0105zanych z projektowaniem. Ich \u015bwiadectwem s\u0105 obiekty powsta\u0142e na przestrzeni ponad sze\u015b\u0107dziesi\u0119ciu lat i zaprojektowane przez trzy pokolenia \u2013 w\u015br\u00f3d nich niedawne projekty studenckie, prace pedagog\u00f3w i klasyki polskiego wzornictwa przypomniane przez nowymodel.org.<\/p>\n<p>Projektanci prezentowani na wystawie&nbsp;<span class=\"blue bold\">\u201eWielkopolska tradycja wzornictwa meblowego\u201d<\/span>&nbsp;to: Rajmund Teofil Ha\u0142as, Aleksander Kuczma, W\u0142adys\u0142aw Wr\u00f3blewski, Jolanta Usarewicz-Owsian, Wojciech Hora, Marek Owsian, Katarzyna Laskowska, Joanna Bara\u0144ska-Wo\u017any, Mateusz Wr\u00f3blewski, Marta Szczepa\u0144ska, Monika Frisztig, Dorota Terlecka, Dorota Koziara, Karol Starczewski, Szymon Filoda, Anna Trafas-Kowalczyk, Micha\u0142 Kowalski. Projekty student\u00f3w z lat 90. XX wieku: Agnieszka Haberska, Katarzyna Maciejko; z pierwszej dekady XXI wieku: Marta Bartkowiak, Justyna Brejdak, Micha\u0142 Bartkowiak; oraz najnowsze projekty aktualnych student\u00f3w Katedry Mebla: Marta Prasek, Filip \u017buchowski, Tomasz Paw\u0142owski, \u0141ukasz Marcinkowski, Wiktoria Mrozek, Agnieszka Dolska.<\/p>\n<p>Wystawa to 40 projekt\u00f3w z ostatnich 70 lat, w tym 10 wdra\u017canych przez nowymodel.org.<\/p>\n<p class=\"bold\">kuratorki wystawy: Kasia Laskowska, Kasia Je\u017cowska<\/p>\n<p><\/p>\n\n\n<div class=\"wp-block-jetpack-tiled-gallery aligncenter is-style-rectangular\"><div class=\"tiled-gallery__gallery\"><div class=\"tiled-gallery__row\"><div class=\"tiled-gallery__col\" style=\"flex-basis:100.00000%\"><figure class=\"tiled-gallery__item\"><img decoding=\"async\" srcset=\"https:\/\/i1.wp.com\/nowymodel.org\/wp-content\/uploads\/2022\/04\/zaproszenie_loga.png?strip=info&#038;w=571&#038;ssl=1 571w\" alt=\"\" data-height=\"88\" data-id=\"11913\" data-link=\"https:\/\/nowymodel.org\/?attachment_id=11913\" data-url=\"https:\/\/nowymodel.org\/wp-content\/uploads\/2022\/04\/zaproszenie_loga.png\" data-width=\"571\" src=\"https:\/\/i1.wp.com\/nowymodel.org\/wp-content\/uploads\/2022\/04\/zaproszenie_loga.png?ssl=1\" data-amp-layout=\"responsive\"\/><\/figure><\/div><\/div><div class=\"tiled-gallery__row\"><div class=\"tiled-gallery__col\" style=\"flex-basis:100.00000%\"><figure class=\"tiled-gallery__item\"><img decoding=\"async\" srcset=\"https:\/\/i2.wp.com\/nowymodel.org\/wp-content\/uploads\/2022\/04\/zaproszenie_top-1.png?strip=info&#038;w=600&#038;ssl=1 600w,https:\/\/i2.wp.com\/nowymodel.org\/wp-content\/uploads\/2022\/04\/zaproszenie_top-1.png?strip=info&#038;w=808&#038;ssl=1 808w\" alt=\"\" data-height=\"632\" data-id=\"11914\" data-link=\"https:\/\/nowymodel.org\/?attachment_id=11914\" data-url=\"https:\/\/nowymodel.org\/wp-content\/uploads\/2022\/04\/zaproszenie_top-1.png\" data-width=\"808\" src=\"https:\/\/i2.wp.com\/nowymodel.org\/wp-content\/uploads\/2022\/04\/zaproszenie_top-1.png?ssl=1\" data-amp-layout=\"responsive\"\/><\/figure><\/div><\/div><\/div><\/div>","protected":false},"excerpt":{"rendered":"<p>\u201eWielkopolska tradycja wzornictwa meblowego\u201d organizatorzy: Fundacja UAP Katedra Mebla UAP partner: nowymodel.org sponsorzy: TFP Sp. z o.o. miejsce: Wawa Design Festiwal Warszawa 7-15.09.2013 SOHO FACTORY program wystawy: http:\/\/wawadesign.eu\/program\/wystawy\/ Historia przedmiot\u00f3w to tak\u017ce opowie\u015b\u0107 o ich tw\u00f3rcach i miejscu, w kt\u00f3rym powsta\u0142y. Wystawa przygotowana przez Katedr\u0119 Mebla Uniwersytetu Artystycznego w Poznaniu i Fundacj\u0119 UAP daje wgl\u0105d [&hellip;]<\/p>\n","protected":false},"author":2,"featured_media":11918,"comment_status":"closed","ping_status":"closed","sticky":false,"template":"","format":"standard","meta":{"footnotes":""},"categories":[39],"tags":[40,71,87,42,61],"class_list":["post-11912","post","type-post","status-publish","format-standard","has-post-thumbnail","hentry","category-aktualnosci","tag-design","tag-locosystem","tag-organicsystem","tag-polski-design","tag-polski-dizajn"],"yoast_head":"<!-- This site is optimized with the Yoast SEO plugin v22.4 - https:\/\/yoast.com\/wordpress\/plugins\/seo\/ -->\n<title>Zapraszamy na wystaw\u0119 \u201eWielkopolska tradycja wzornictwa meblowego\u201d - nowymodel.org<\/title>\n<meta name=\"robots\" content=\"index, follow, max-snippet:-1, max-image-preview:large, max-video-preview:-1\" \/>\n<link rel=\"canonical\" href=\"https:\/\/nowymodel.org\/en\/2013\/09\/05\/zapraszamy-na-wystawe-wielkopolska-tradycja-wzornictwa-meblowego\/\" \/>\n<meta property=\"og:locale\" content=\"en_GB\" \/>\n<meta property=\"og:type\" content=\"article\" \/>\n<meta property=\"og:title\" content=\"Zapraszamy na wystaw\u0119 \u201eWielkopolska tradycja wzornictwa meblowego\u201d - nowymodel.org\" \/>\n<meta property=\"og:description\" content=\"\u201eWielkopolska tradycja wzornictwa meblowego\u201d organizatorzy: Fundacja UAP Katedra Mebla UAP partner: nowymodel.org sponsorzy: TFP Sp. z o.o. miejsce: Wawa Design Festiwal Warszawa 7-15.09.2013 SOHO FACTORY program wystawy: http:\/\/wawadesign.eu\/program\/wystawy\/ Historia przedmiot\u00f3w to tak\u017ce opowie\u015b\u0107 o ich tw\u00f3rcach i miejscu, w kt\u00f3rym powsta\u0142y. Wystawa przygotowana przez Katedr\u0119 Mebla Uniwersytetu Artystycznego w Poznaniu i Fundacj\u0119 UAP daje wgl\u0105d [&hellip;]\" \/>\n<meta property=\"og:url\" content=\"https:\/\/nowymodel.org\/en\/2013\/09\/05\/zapraszamy-na-wystawe-wielkopolska-tradycja-wzornictwa-meblowego\/\" \/>\n<meta property=\"og:site_name\" content=\"nowymodel.org\" \/>\n<meta property=\"article:published_time\" content=\"2013-09-05T09:16:25+00:00\" \/>\n<meta property=\"article:modified_time\" content=\"2022-04-15T09:23:22+00:00\" \/>\n<meta property=\"og:image\" content=\"https:\/\/nowymodel.org\/wp-content\/uploads\/2013\/09\/obrazek_soho.jpg\" \/>\n\t<meta property=\"og:image:width\" content=\"100\" \/>\n\t<meta property=\"og:image:height\" content=\"83\" \/>\n\t<meta property=\"og:image:type\" content=\"image\/jpeg\" \/>\n<meta name=\"author\" content=\"emka\" \/>\n<meta name=\"twitter:card\" content=\"summary_large_image\" \/>\n<meta name=\"twitter:label1\" content=\"Written by\" \/>\n\t<meta name=\"twitter:data1\" content=\"emka\" \/>\n\t<meta name=\"twitter:label2\" content=\"Estimated reading time\" \/>\n\t<meta name=\"twitter:data2\" content=\"1 minute\" \/>\n<script type=\"application\/ld+json\" class=\"yoast-schema-graph\">{\"@context\":\"https:\/\/schema.org\",\"@graph\":[{\"@type\":\"WebPage\",\"@id\":\"https:\/\/nowymodel.org\/2013\/09\/05\/zapraszamy-na-wystawe-wielkopolska-tradycja-wzornictwa-meblowego\/\",\"url\":\"https:\/\/nowymodel.org\/2013\/09\/05\/zapraszamy-na-wystawe-wielkopolska-tradycja-wzornictwa-meblowego\/\",\"name\":\"Zapraszamy na wystaw\u0119 \u201eWielkopolska tradycja wzornictwa meblowego\u201d - nowymodel.org\",\"isPartOf\":{\"@id\":\"https:\/\/nowymodel.org\/#website\"},\"primaryImageOfPage\":{\"@id\":\"https:\/\/nowymodel.org\/2013\/09\/05\/zapraszamy-na-wystawe-wielkopolska-tradycja-wzornictwa-meblowego\/#primaryimage\"},\"image\":{\"@id\":\"https:\/\/nowymodel.org\/2013\/09\/05\/zapraszamy-na-wystawe-wielkopolska-tradycja-wzornictwa-meblowego\/#primaryimage\"},\"thumbnailUrl\":\"https:\/\/nowymodel.org\/wp-content\/uploads\/2013\/09\/obrazek_soho.jpg\",\"datePublished\":\"2013-09-05T09:16:25+00:00\",\"dateModified\":\"2022-04-15T09:23:22+00:00\",\"author\":{\"@id\":\"https:\/\/nowymodel.org\/#\/schema\/person\/b58376a44a71b7ab64c9f5d83e7b037d\"},\"inLanguage\":\"en-GB\",\"potentialAction\":[{\"@type\":\"ReadAction\",\"target\":[\"https:\/\/nowymodel.org\/2013\/09\/05\/zapraszamy-na-wystawe-wielkopolska-tradycja-wzornictwa-meblowego\/\"]}]},{\"@type\":\"ImageObject\",\"inLanguage\":\"en-GB\",\"@id\":\"https:\/\/nowymodel.org\/2013\/09\/05\/zapraszamy-na-wystawe-wielkopolska-tradycja-wzornictwa-meblowego\/#primaryimage\",\"url\":\"https:\/\/nowymodel.org\/wp-content\/uploads\/2013\/09\/obrazek_soho.jpg\",\"contentUrl\":\"https:\/\/nowymodel.org\/wp-content\/uploads\/2013\/09\/obrazek_soho.jpg\",\"width\":100,\"height\":83,\"caption\":\"wpis_\"},{\"@type\":\"WebSite\",\"@id\":\"https:\/\/nowymodel.org\/#website\",\"url\":\"https:\/\/nowymodel.org\/\",\"name\":\"nowymodel.org\",\"description\":\"\",\"potentialAction\":[{\"@type\":\"SearchAction\",\"target\":{\"@type\":\"EntryPoint\",\"urlTemplate\":\"https:\/\/nowymodel.org\/?s={search_term_string}\"},\"query-input\":\"required name=search_term_string\"}],\"inLanguage\":\"en-GB\"},{\"@type\":\"Person\",\"@id\":\"https:\/\/nowymodel.org\/#\/schema\/person\/b58376a44a71b7ab64c9f5d83e7b037d\",\"name\":\"emka\",\"image\":{\"@type\":\"ImageObject\",\"inLanguage\":\"en-GB\",\"@id\":\"https:\/\/nowymodel.org\/#\/schema\/person\/image\/\",\"url\":\"https:\/\/secure.gravatar.com\/avatar\/29564b7924fbb4fa3582526c5acd2dc5e7d5ad266d15e4e702fc81e6b994f35f?s=96&d=mm&r=g\",\"contentUrl\":\"https:\/\/secure.gravatar.com\/avatar\/29564b7924fbb4fa3582526c5acd2dc5e7d5ad266d15e4e702fc81e6b994f35f?s=96&d=mm&r=g\",\"caption\":\"emka\"},\"url\":\"https:\/\/nowymodel.org\/en\/author\/emka\/\"}]}<\/script>\n<!-- \/ Yoast SEO plugin. -->","yoast_head_json":{"title":"Zapraszamy na wystaw\u0119 \u201eWielkopolska tradycja wzornictwa meblowego\u201d - nowymodel.org","robots":{"index":"index","follow":"follow","max-snippet":"max-snippet:-1","max-image-preview":"max-image-preview:large","max-video-preview":"max-video-preview:-1"},"canonical":"https:\/\/nowymodel.org\/en\/2013\/09\/05\/zapraszamy-na-wystawe-wielkopolska-tradycja-wzornictwa-meblowego\/","og_locale":"en_GB","og_type":"article","og_title":"Zapraszamy na wystaw\u0119 \u201eWielkopolska tradycja wzornictwa meblowego\u201d - nowymodel.org","og_description":"\u201eWielkopolska tradycja wzornictwa meblowego\u201d organizatorzy: Fundacja UAP Katedra Mebla UAP partner: nowymodel.org sponsorzy: TFP Sp. z o.o. miejsce: Wawa Design Festiwal Warszawa 7-15.09.2013 SOHO FACTORY program wystawy: http:\/\/wawadesign.eu\/program\/wystawy\/ Historia przedmiot\u00f3w to tak\u017ce opowie\u015b\u0107 o ich tw\u00f3rcach i miejscu, w kt\u00f3rym powsta\u0142y. Wystawa przygotowana przez Katedr\u0119 Mebla Uniwersytetu Artystycznego w Poznaniu i Fundacj\u0119 UAP daje wgl\u0105d [&hellip;]","og_url":"https:\/\/nowymodel.org\/en\/2013\/09\/05\/zapraszamy-na-wystawe-wielkopolska-tradycja-wzornictwa-meblowego\/","og_site_name":"nowymodel.org","article_published_time":"2013-09-05T09:16:25+00:00","article_modified_time":"2022-04-15T09:23:22+00:00","og_image":[{"width":100,"height":83,"url":"https:\/\/nowymodel.org\/wp-content\/uploads\/2013\/09\/obrazek_soho.jpg","type":"image\/jpeg"}],"author":"emka","twitter_card":"summary_large_image","twitter_misc":{"Written by":"emka","Estimated reading time":"1 minute"},"schema":{"@context":"https:\/\/schema.org","@graph":[{"@type":"WebPage","@id":"https:\/\/nowymodel.org\/2013\/09\/05\/zapraszamy-na-wystawe-wielkopolska-tradycja-wzornictwa-meblowego\/","url":"https:\/\/nowymodel.org\/2013\/09\/05\/zapraszamy-na-wystawe-wielkopolska-tradycja-wzornictwa-meblowego\/","name":"Zapraszamy na wystaw\u0119 \u201eWielkopolska tradycja wzornictwa meblowego\u201d - nowymodel.org","isPartOf":{"@id":"https:\/\/nowymodel.org\/#website"},"primaryImageOfPage":{"@id":"https:\/\/nowymodel.org\/2013\/09\/05\/zapraszamy-na-wystawe-wielkopolska-tradycja-wzornictwa-meblowego\/#primaryimage"},"image":{"@id":"https:\/\/nowymodel.org\/2013\/09\/05\/zapraszamy-na-wystawe-wielkopolska-tradycja-wzornictwa-meblowego\/#primaryimage"},"thumbnailUrl":"https:\/\/nowymodel.org\/wp-content\/uploads\/2013\/09\/obrazek_soho.jpg","datePublished":"2013-09-05T09:16:25+00:00","dateModified":"2022-04-15T09:23:22+00:00","author":{"@id":"https:\/\/nowymodel.org\/#\/schema\/person\/b58376a44a71b7ab64c9f5d83e7b037d"},"inLanguage":"en-GB","potentialAction":[{"@type":"ReadAction","target":["https:\/\/nowymodel.org\/2013\/09\/05\/zapraszamy-na-wystawe-wielkopolska-tradycja-wzornictwa-meblowego\/"]}]},{"@type":"ImageObject","inLanguage":"en-GB","@id":"https:\/\/nowymodel.org\/2013\/09\/05\/zapraszamy-na-wystawe-wielkopolska-tradycja-wzornictwa-meblowego\/#primaryimage","url":"https:\/\/nowymodel.org\/wp-content\/uploads\/2013\/09\/obrazek_soho.jpg","contentUrl":"https:\/\/nowymodel.org\/wp-content\/uploads\/2013\/09\/obrazek_soho.jpg","width":100,"height":83,"caption":"wpis_"},{"@type":"WebSite","@id":"https:\/\/nowymodel.org\/#website","url":"https:\/\/nowymodel.org\/","name":"nowymodel.org","description":"","potentialAction":[{"@type":"SearchAction","target":{"@type":"EntryPoint","urlTemplate":"https:\/\/nowymodel.org\/?s={search_term_string}"},"query-input":"required name=search_term_string"}],"inLanguage":"en-GB"},{"@type":"Person","@id":"https:\/\/nowymodel.org\/#\/schema\/person\/b58376a44a71b7ab64c9f5d83e7b037d","name":"emka","image":{"@type":"ImageObject","inLanguage":"en-GB","@id":"https:\/\/nowymodel.org\/#\/schema\/person\/image\/","url":"https:\/\/secure.gravatar.com\/avatar\/29564b7924fbb4fa3582526c5acd2dc5e7d5ad266d15e4e702fc81e6b994f35f?s=96&d=mm&r=g","contentUrl":"https:\/\/secure.gravatar.com\/avatar\/29564b7924fbb4fa3582526c5acd2dc5e7d5ad266d15e4e702fc81e6b994f35f?s=96&d=mm&r=g","caption":"emka"},"url":"https:\/\/nowymodel.org\/en\/author\/emka\/"}]}},"jetpack_featured_media_url":"https:\/\/nowymodel.org\/wp-content\/uploads\/2013\/09\/obrazek_soho.jpg","_links":{"self":[{"href":"https:\/\/nowymodel.org\/en\/wp-json\/wp\/v2\/posts\/11912","targetHints":{"allow":["GET"]}}],"collection":[{"href":"https:\/\/nowymodel.org\/en\/wp-json\/wp\/v2\/posts"}],"about":[{"href":"https:\/\/nowymodel.org\/en\/wp-json\/wp\/v2\/types\/post"}],"author":[{"embeddable":true,"href":"https:\/\/nowymodel.org\/en\/wp-json\/wp\/v2\/users\/2"}],"replies":[{"embeddable":true,"href":"https:\/\/nowymodel.org\/en\/wp-json\/wp\/v2\/comments?post=11912"}],"version-history":[{"count":3,"href":"https:\/\/nowymodel.org\/en\/wp-json\/wp\/v2\/posts\/11912\/revisions"}],"predecessor-version":[{"id":11919,"href":"https:\/\/nowymodel.org\/en\/wp-json\/wp\/v2\/posts\/11912\/revisions\/11919"}],"wp:featuredmedia":[{"embeddable":true,"href":"https:\/\/nowymodel.org\/en\/wp-json\/wp\/v2\/media\/11918"}],"wp:attachment":[{"href":"https:\/\/nowymodel.org\/en\/wp-json\/wp\/v2\/media?parent=11912"}],"wp:term":[{"taxonomy":"category","embeddable":true,"href":"https:\/\/nowymodel.org\/en\/wp-json\/wp\/v2\/categories?post=11912"},{"taxonomy":"post_tag","embeddable":true,"href":"https:\/\/nowymodel.org\/en\/wp-json\/wp\/v2\/tags?post=11912"}],"curies":[{"name":"wp","href":"https:\/\/api.w.org\/{rel}","templated":true}]}}